{"id":99978,"date":"2023-02-03T21:53:54","date_gmt":"2023-02-03T20:53:54","guid":{"rendered":"https:\/\/www.zsben.cz\/wordpress\/?p=99978"},"modified":"2023-02-03T21:53:54","modified_gmt":"2023-02-03T20:53:54","slug":"1-a-7-oddeleni-sd-v-knihovne","status":"publish","type":"post","link":"https:\/\/www.zsben.cz\/wordpress\/?p=99978","title":{"rendered":"1. a 7. odd\u011blen\u00ed \u0160D v knihovn\u011b"},"content":{"rendered":"<p>V lednu jsme v r\u00e1mci vych\u00e1zky s \u017e\u00e1ky 1. a 7. odd\u011blen\u00ed \u0161koln\u00ed dru\u017einy nav\u0161t\u00edvili M\u011bstskou knihovnu. Mile n\u00e1s p\u0159iv\u00edtala pan\u00ed Mark\u00e9ta Kalendov\u00e1, kter\u00e1 si pro d\u011bti p\u0159ipravila zaj\u00edmav\u00fd program &#8220;DUB\u00c1NCI&#8221;. Provedla n\u00e1s tak\u00e9 fotografickou v\u00fdstavou, kter\u00e1 byla v d\u011btsk\u00e9m odd\u011blen\u00ed instalov\u00e1na. V knihovn\u011b se n\u00e1m v\u0161e l\u00edbilo, d\u011bkujeme pan\u00ed Kalendov\u00e9 za pestr\u00fd program a t\u011b\u0161\u00edme se na dal\u0161\u00ed setk\u00e1n\u00ed.<\/p>\n<p>Hana Dvo\u0159\u00e1kov\u00e1 a Monika Kr\u00e1sensk\u00e1<\/p>\nngg_shortcode_0_placeholder\n<div class=\"fcbkbttn_buttons_block\" id=\"fcbkbttn_left\"><div class=\"fcbkbttn_like \"><div class=\"fb-like fb-like-button_count\" data-href=\"https:\/\/www.zsben.cz\/wordpress\/?p=99978\" data-colorscheme=\"light\" data-layout=\"button_count\" data-action=\"like\"  data-size=\"small\"><\/div><\/div><div class=\"fb-share-button  \" data-href=\"https:\/\/www.zsben.cz\/wordpress\/?p=99978\" data-type=\"button_count\" data-size=\"small\"><\/div><\/div>","protected":false},"excerpt":{"rendered":"<p>V lednu jsme v r\u00e1mci vych\u00e1zky s \u017e\u00e1ky 1. a 7. odd\u011blen\u00ed \u0161koln\u00ed dru\u017einy nav\u0161t\u00edvili M\u011bstskou knihovnu. Mile n\u00e1s p\u0159iv\u00edtala pan\u00ed Mark\u00e9ta Kalendov\u00e1, kter\u00e1 si pro d\u011bti p\u0159ipravila zaj\u00edmav\u00fd program &#8220;DUB\u00c1NCI&#8221;. Provedla n\u00e1s tak\u00e9 fotografickou v\u00fdstavou, kter\u00e1 byla v d\u011btsk\u00e9m odd\u011blen\u00ed instalov\u00e1na. V knihovn\u011b se n\u00e1m v\u0161e l\u00edbilo, d\u011bkujeme pan\u00ed Kalendov\u00e9 za pestr\u00fd program a [&hellip;]<\/p>\n","protected":false},"author":36,"featured_media":0,"comment_status":"closed","ping_status":"closed","sticky":false,"template":"","format":"standard","meta":{"ngg_post_thumbnail":0,"footnotes":""},"categories":[1,14],"tags":[],"class_list":["post-99978","post","type-post","status-publish","format-standard","hentry","category-aktuality","category-skolni-druzina"],"_links":{"self":[{"href":"https:\/\/www.zsben.cz\/wordpress\/index.php?rest_route=\/wp\/v2\/posts\/99978","targetHints":{"allow":["GET"]}}],"collection":[{"href":"https:\/\/www.zsben.cz\/wordpress\/index.php?rest_route=\/wp\/v2\/posts"}],"about":[{"href":"https:\/\/www.zsben.cz\/wordpress\/index.php?rest_route=\/wp\/v2\/types\/post"}],"author":[{"embeddable":true,"href":"https:\/\/www.zsben.cz\/wordpress\/index.php?rest_route=\/wp\/v2\/users\/36"}],"replies":[{"embeddable":true,"href":"https:\/\/www.zsben.cz\/wordpress\/index.php?rest_route=%2Fwp%2Fv2%2Fcomments&post=99978"}],"version-history":[{"count":2,"href":"https:\/\/www.zsben.cz\/wordpress\/index.php?rest_route=\/wp\/v2\/posts\/99978\/revisions"}],"predecessor-version":[{"id":99980,"href":"https:\/\/www.zsben.cz\/wordpress\/index.php?rest_route=\/wp\/v2\/posts\/99978\/revisions\/99980"}],"wp:attachment":[{"href":"https:\/\/www.zsben.cz\/wordpress\/index.php?rest_route=%2Fwp%2Fv2%2Fmedia&parent=99978"}],"wp:term":[{"taxonomy":"category","embeddable":true,"href":"https:\/\/www.zsben.cz\/wordpress\/index.php?rest_route=%2Fwp%2Fv2%2Fcategories&post=99978"},{"taxonomy":"post_tag","embeddable":true,"href":"https:\/\/www.zsben.cz\/wordpress\/index.php?rest_route=%2Fwp%2Fv2%2Ftags&post=99978"}],"curies":[{"name":"wp","href":"https:\/\/api.w.org\/{rel}","templated":true}]}}