{"id":99636,"date":"2023-01-30T14:00:26","date_gmt":"2023-01-30T13:00:26","guid":{"rendered":"https:\/\/www.zsben.cz\/wordpress\/?p=99636"},"modified":"2023-01-30T14:00:26","modified_gmt":"2023-01-30T13:00:26","slug":"skolni-kolo-zemepisne-olympiady-2","status":"publish","type":"post","link":"https:\/\/www.zsben.cz\/wordpress\/?p=99636","title":{"rendered":"\u0160koln\u00ed kolo zem\u011bpisn\u00e9 olympi\u00e1dy"},"content":{"rendered":"\r\n<p>Dne 26. 1. prob\u011bhlo \u0161koln\u00ed kolo zem\u011bpisn\u00e9 olympi\u00e1dy. \u0160koln\u00edho kola se celkem \u00fa\u010dastnilo 68 \u017e\u00e1k\u016f z 2. stupn\u011b. Celkov\u011b byli mezi \u017e\u00e1ky mal\u00e9 bodov\u00e9 rozd\u00edly. Do okresn\u00edho kola, kter\u00e9 se bude konat 22. \u00fanora na Gymn\u00e1ziu Vla\u0161im postoupili v kategorii A \u0160\u00edpek Vojt\u011bch, Nov\u00e1k Daniel, Ottl Luk\u00e1\u0161; v kategorii B \u0158ep\u00e1sek Jarom\u00edr, Palou\u010dkov\u00e1 Zuzana, Brabec Karel a v kategorii C Hrobsk\u00e1 Tereza, Dan\u011bk Daniel, Vysko\u010dil Karel.<br>\r\nD\u011bkujeme v\u0161em \u00fa\u010dastn\u00edk\u016fm za a v\u00fd\u0161e jmenovan\u00fdm blahop\u0159ejeme k postupu do okresn\u00edho kola a p\u0159ejeme dal\u0161\u00ed poveden\u00e9 v\u00fdsledky.<\/p>\r\n<div class=\"fcbkbttn_buttons_block\" id=\"fcbkbttn_left\"><div class=\"fcbkbttn_like \"><div class=\"fb-like fb-like-button_count\" data-href=\"https:\/\/www.zsben.cz\/wordpress\/?p=99636\" data-colorscheme=\"light\" data-layout=\"button_count\" data-action=\"like\"  data-size=\"small\"><\/div><\/div><div class=\"fb-share-button  \" data-href=\"https:\/\/www.zsben.cz\/wordpress\/?p=99636\" data-type=\"button_count\" data-size=\"small\"><\/div><\/div>","protected":false},"excerpt":{"rendered":"<p>Dne 26. 1. prob\u011bhlo \u0161koln\u00ed kolo zem\u011bpisn\u00e9 olympi\u00e1dy. \u0160koln\u00edho kola se celkem \u00fa\u010dastnilo 68 \u017e\u00e1k\u016f z 2. stupn\u011b. Celkov\u011b byli mezi \u017e\u00e1ky mal\u00e9 bodov\u00e9 rozd\u00edly. Do okresn\u00edho kola, kter\u00e9 se bude konat 22. \u00fanora na Gymn\u00e1ziu Vla\u0161im postoupili v kategorii A \u0160\u00edpek Vojt\u011bch, Nov\u00e1k Daniel, Ottl Luk\u00e1\u0161; v kategorii B \u0158ep\u00e1sek Jarom\u00edr, Palou\u010dkov\u00e1 Zuzana, Brabec [&hellip;]<\/p>\n","protected":false},"author":31,"featured_media":0,"comment_status":"closed","ping_status":"closed","sticky":false,"template":"","format":"standard","meta":{"ngg_post_thumbnail":0,"footnotes":""},"categories":[1],"tags":[],"class_list":["post-99636","post","type-post","status-publish","format-standard","hentry","category-aktuality"],"_links":{"self":[{"href":"https:\/\/www.zsben.cz\/wordpress\/index.php?rest_route=\/wp\/v2\/posts\/99636","targetHints":{"allow":["GET"]}}],"collection":[{"href":"https:\/\/www.zsben.cz\/wordpress\/index.php?rest_route=\/wp\/v2\/posts"}],"about":[{"href":"https:\/\/www.zsben.cz\/wordpress\/index.php?rest_route=\/wp\/v2\/types\/post"}],"author":[{"embeddable":true,"href":"https:\/\/www.zsben.cz\/wordpress\/index.php?rest_route=\/wp\/v2\/users\/31"}],"replies":[{"embeddable":true,"href":"https:\/\/www.zsben.cz\/wordpress\/index.php?rest_route=%2Fwp%2Fv2%2Fcomments&post=99636"}],"version-history":[{"count":2,"href":"https:\/\/www.zsben.cz\/wordpress\/index.php?rest_route=\/wp\/v2\/posts\/99636\/revisions"}],"predecessor-version":[{"id":99639,"href":"https:\/\/www.zsben.cz\/wordpress\/index.php?rest_route=\/wp\/v2\/posts\/99636\/revisions\/99639"}],"wp:attachment":[{"href":"https:\/\/www.zsben.cz\/wordpress\/index.php?rest_route=%2Fwp%2Fv2%2Fmedia&parent=99636"}],"wp:term":[{"taxonomy":"category","embeddable":true,"href":"https:\/\/www.zsben.cz\/wordpress\/index.php?rest_route=%2Fwp%2Fv2%2Fcategories&post=99636"},{"taxonomy":"post_tag","embeddable":true,"href":"https:\/\/www.zsben.cz\/wordpress\/index.php?rest_route=%2Fwp%2Fv2%2Ftags&post=99636"}],"curies":[{"name":"wp","href":"https:\/\/api.w.org\/{rel}","templated":true}]}}