{"id":98471,"date":"2022-12-11T01:51:38","date_gmt":"2022-12-11T00:51:38","guid":{"rendered":"https:\/\/www.zsben.cz\/wordpress\/?p=98471"},"modified":"2022-12-11T01:51:38","modified_gmt":"2022-12-11T00:51:38","slug":"certi-bal-ve-skolni-druzine-4","status":"publish","type":"post","link":"https:\/\/www.zsben.cz\/wordpress\/?p=98471","title":{"rendered":"\u010cert\u00ed b\u00e1l ve \u0161koln\u00ed dru\u017ein\u011b"},"content":{"rendered":"<p>Ve dnech 2. 12., 5. 12. a 6. 12. se ve \u0161koln\u00ed dru\u017ein\u011b konal \u010dert\u00ed b\u00e1l. Pro d\u011bti byl p\u0159ipraven\u00fd z\u00e1bavn\u00fd program ve form\u011b her, sout\u011b\u017e\u00ed a tance, ale i n\u00e1v\u0161t\u011bva Mikul\u00e1\u0161e, \u010derta a and\u011bla. N\u011bkter\u00e9 d\u011bti si p\u0159ipravily tane\u010dn\u00ed vystoupen\u00ed nebo b\u00e1se\u0148 pro Mikul\u00e1\u0161e. Na z\u00e1v\u011br si ka\u017ed\u00fd odnesl sladkou odm\u011bnu.<\/p>\n<p>foto 2. 12.<\/p>\nngg_shortcode_0_placeholder\n<p>foto 5. 12.<\/p>\nngg_shortcode_1_placeholder\n<p>foto 6. 12.<\/p>\nngg_shortcode_2_placeholder\n<div class=\"fcbkbttn_buttons_block\" id=\"fcbkbttn_left\"><div class=\"fcbkbttn_like \"><div class=\"fb-like fb-like-button_count\" data-href=\"https:\/\/www.zsben.cz\/wordpress\/?p=98471\" data-colorscheme=\"light\" data-layout=\"button_count\" data-action=\"like\"  data-size=\"small\"><\/div><\/div><div class=\"fb-share-button  \" data-href=\"https:\/\/www.zsben.cz\/wordpress\/?p=98471\" data-type=\"button_count\" data-size=\"small\"><\/div><\/div>","protected":false},"excerpt":{"rendered":"<p>Ve dnech 2. 12., 5. 12. a 6. 12. se ve \u0161koln\u00ed dru\u017ein\u011b konal \u010dert\u00ed b\u00e1l. Pro d\u011bti byl p\u0159ipraven\u00fd z\u00e1bavn\u00fd program ve form\u011b her, sout\u011b\u017e\u00ed a tance, ale i n\u00e1v\u0161t\u011bva Mikul\u00e1\u0161e, \u010derta a and\u011bla. N\u011bkter\u00e9 d\u011bti si p\u0159ipravily tane\u010dn\u00ed vystoupen\u00ed nebo b\u00e1se\u0148 pro Mikul\u00e1\u0161e. Na z\u00e1v\u011br si ka\u017ed\u00fd odnesl sladkou odm\u011bnu. foto 2. 12. [&hellip;]<\/p>\n","protected":false},"author":36,"featured_media":0,"comment_status":"closed","ping_status":"closed","sticky":false,"template":"","format":"standard","meta":{"ngg_post_thumbnail":0,"footnotes":""},"categories":[1,14],"tags":[],"class_list":["post-98471","post","type-post","status-publish","format-standard","hentry","category-aktuality","category-skolni-druzina"],"_links":{"self":[{"href":"https:\/\/www.zsben.cz\/wordpress\/index.php?rest_route=\/wp\/v2\/posts\/98471","targetHints":{"allow":["GET"]}}],"collection":[{"href":"https:\/\/www.zsben.cz\/wordpress\/index.php?rest_route=\/wp\/v2\/posts"}],"about":[{"href":"https:\/\/www.zsben.cz\/wordpress\/index.php?rest_route=\/wp\/v2\/types\/post"}],"author":[{"embeddable":true,"href":"https:\/\/www.zsben.cz\/wordpress\/index.php?rest_route=\/wp\/v2\/users\/36"}],"replies":[{"embeddable":true,"href":"https:\/\/www.zsben.cz\/wordpress\/index.php?rest_route=%2Fwp%2Fv2%2Fcomments&post=98471"}],"version-history":[{"count":2,"href":"https:\/\/www.zsben.cz\/wordpress\/index.php?rest_route=\/wp\/v2\/posts\/98471\/revisions"}],"predecessor-version":[{"id":98537,"href":"https:\/\/www.zsben.cz\/wordpress\/index.php?rest_route=\/wp\/v2\/posts\/98471\/revisions\/98537"}],"wp:attachment":[{"href":"https:\/\/www.zsben.cz\/wordpress\/index.php?rest_route=%2Fwp%2Fv2%2Fmedia&parent=98471"}],"wp:term":[{"taxonomy":"category","embeddable":true,"href":"https:\/\/www.zsben.cz\/wordpress\/index.php?rest_route=%2Fwp%2Fv2%2Fcategories&post=98471"},{"taxonomy":"post_tag","embeddable":true,"href":"https:\/\/www.zsben.cz\/wordpress\/index.php?rest_route=%2Fwp%2Fv2%2Ftags&post=98471"}],"curies":[{"name":"wp","href":"https:\/\/api.w.org\/{rel}","templated":true}]}}