{"id":97768,"date":"2022-11-10T07:43:57","date_gmt":"2022-11-10T06:43:57","guid":{"rendered":"https:\/\/www.zsben.cz\/wordpress\/?p=97768"},"modified":"2022-11-10T07:49:02","modified_gmt":"2022-11-10T06:49:02","slug":"plavecke-zavody-benesov","status":"publish","type":"post","link":"https:\/\/www.zsben.cz\/wordpress\/?p=97768","title":{"rendered":"Plaveck\u00e9 z\u00e1vody Bene\u0161ov"},"content":{"rendered":"<p>Okresn\u00ed kolo v&nbsp;plav\u00e1n\u00ed Bene\u0161ov<\/p>\n<p>V&nbsp;pond\u011bl\u00ed 7.11. prob\u011bhlo na plaveck\u00e9m stadionu v&nbsp;Bene\u0161ov\u011b okresn\u00ed kolo v&nbsp;plav\u00e1n\u00ed.<\/p>\n<p>Z\u0160 Dukelsk\u00e1 nominovala do ka\u017ed\u00e9ho z\u00e1vodu sv\u00e9 z\u00e1vodn\u00edky.<\/p>\n<p>Plavalo se v&nbsp;kategori\u00edch:<\/p>\n<p>4 &#8211; 5.t\u0159\u00edda, 6 -7. t\u0159\u00edda a 8 -9.t\u0159\u00edda. Z\u00e1vody pro na\u0161i \u0161kolu byly velice \u00fasp\u011b\u0161n\u00e9. Snad v&nbsp;ka\u017ed\u00e9 individu\u00e1ln\u00ed discipl\u00edn\u011b jsme p\u0159ivezli medaili.<\/p>\n<p>Vyvrcholen\u00edm dopoledn\u00edho z\u00e1vod\u011bn\u00ed byl souboj \u0161tafet, kde se op\u011bt d\u011btem ze Z\u0160 Dukelsk\u00e1 velmi da\u0159ilo. T\u0159i zlat\u00e9, dv\u011b st\u0159\u00edbrn\u00e9 a dv\u011b bronzov\u00e9 medaile.<\/p>\n<p>Pod\u011bkov\u00e1n\u00ed a pochvala pat\u0159\u00ed v\u0161em z\u00fa\u010dastn\u011bn\u00edm za v\u00fdkony, kter\u00e9 v&nbsp;plav\u00e1n\u00ed p\u0159edvedli.<\/p>\nngg_shortcode_0_placeholder\n<p><p class=\"gde-text\"><a href=\"https:\/\/www.zsben.cz\/wordpress\/wp-content\/uploads\/2022\/11\/4.-5.-tridy.xls\" class=\"gde-link\" onClick=\"_gaq.push(['_trackEvent', 'Google Doc Embedder', 'St\u00e1hnout', this.href]);\">St\u00e1hnout (XLS, 49KB)<\/a><\/p>\n<iframe src=\"\/\/docs.google.com\/viewer?url=https%3A%2F%2Fwww.zsben.cz%2Fwordpress%2Fwp-content%2Fuploads%2F2022%2F11%2F4.-5.-tridy.xls&hl=cs&embedded=true\" class=\"gde-frame\" style=\"width:100%; height:700px; border: none;\" scrolling=\"no\"><\/iframe> <p class=\"gde-text\"><a href=\"https:\/\/www.zsben.cz\/wordpress\/wp-content\/uploads\/2022\/11\/6.-7.-tridy.xls\" class=\"gde-link\" onClick=\"_gaq.push(['_trackEvent', 'Google Doc Embedder', 'St\u00e1hnout', this.href]);\">St\u00e1hnout (XLS, 47KB)<\/a><\/p>\n<iframe src=\"\/\/docs.google.com\/viewer?url=https%3A%2F%2Fwww.zsben.cz%2Fwordpress%2Fwp-content%2Fuploads%2F2022%2F11%2F6.-7.-tridy.xls&hl=cs&embedded=true\" class=\"gde-frame\" style=\"width:100%; height:700px; border: none;\" scrolling=\"no\"><\/iframe> <p class=\"gde-text\"><a href=\"https:\/\/www.zsben.cz\/wordpress\/wp-content\/uploads\/2022\/11\/8.-9.-tridy.xls\" class=\"gde-link\" onClick=\"_gaq.push(['_trackEvent', 'Google Doc Embedder', 'St\u00e1hnout', this.href]);\">St\u00e1hnout (XLS, 41KB)<\/a><\/p>\n<iframe src=\"\/\/docs.google.com\/viewer?url=https%3A%2F%2Fwww.zsben.cz%2Fwordpress%2Fwp-content%2Fuploads%2F2022%2F11%2F8.-9.-tridy.xls&hl=cs&embedded=true\" class=\"gde-frame\" style=\"width:100%; height:700px; border: none;\" scrolling=\"no\"><\/iframe><\/p>\n<p>&nbsp;<\/p>\n<div class=\"fcbkbttn_buttons_block\" id=\"fcbkbttn_left\"><div class=\"fcbkbttn_like \"><div class=\"fb-like fb-like-button_count\" data-href=\"https:\/\/www.zsben.cz\/wordpress\/?p=97768\" data-colorscheme=\"light\" data-layout=\"button_count\" data-action=\"like\"  data-size=\"small\"><\/div><\/div><div class=\"fb-share-button  \" data-href=\"https:\/\/www.zsben.cz\/wordpress\/?p=97768\" data-type=\"button_count\" data-size=\"small\"><\/div><\/div>","protected":false},"excerpt":{"rendered":"<p>Okresn\u00ed kolo v&nbsp;plav\u00e1n\u00ed Bene\u0161ov V&nbsp;pond\u011bl\u00ed 7.11. prob\u011bhlo na plaveck\u00e9m stadionu v&nbsp;Bene\u0161ov\u011b okresn\u00ed kolo v&nbsp;plav\u00e1n\u00ed. Z\u0160 Dukelsk\u00e1 nominovala do ka\u017ed\u00e9ho z\u00e1vodu sv\u00e9 z\u00e1vodn\u00edky. Plavalo se v&nbsp;kategori\u00edch: 4 &#8211; 5.t\u0159\u00edda, 6 -7. t\u0159\u00edda a 8 -9.t\u0159\u00edda. Z\u00e1vody pro na\u0161i \u0161kolu byly velice \u00fasp\u011b\u0161n\u00e9. Snad v&nbsp;ka\u017ed\u00e9 individu\u00e1ln\u00ed discipl\u00edn\u011b jsme p\u0159ivezli medaili. Vyvrcholen\u00edm dopoledn\u00edho z\u00e1vod\u011bn\u00ed byl souboj \u0161tafet, kde [&hellip;]<\/p>\n","protected":false},"author":4,"featured_media":0,"comment_status":"closed","ping_status":"closed","sticky":false,"template":"","format":"standard","meta":{"ngg_post_thumbnail":0,"footnotes":""},"categories":[1,10],"tags":[],"class_list":["post-97768","post","type-post","status-publish","format-standard","hentry","category-aktuality","category-telocvik"],"_links":{"self":[{"href":"https:\/\/www.zsben.cz\/wordpress\/index.php?rest_route=\/wp\/v2\/posts\/97768","targetHints":{"allow":["GET"]}}],"collection":[{"href":"https:\/\/www.zsben.cz\/wordpress\/index.php?rest_route=\/wp\/v2\/posts"}],"about":[{"href":"https:\/\/www.zsben.cz\/wordpress\/index.php?rest_route=\/wp\/v2\/types\/post"}],"author":[{"embeddable":true,"href":"https:\/\/www.zsben.cz\/wordpress\/index.php?rest_route=\/wp\/v2\/users\/4"}],"replies":[{"embeddable":true,"href":"https:\/\/www.zsben.cz\/wordpress\/index.php?rest_route=%2Fwp%2Fv2%2Fcomments&post=97768"}],"version-history":[{"count":3,"href":"https:\/\/www.zsben.cz\/wordpress\/index.php?rest_route=\/wp\/v2\/posts\/97768\/revisions"}],"predecessor-version":[{"id":97774,"href":"https:\/\/www.zsben.cz\/wordpress\/index.php?rest_route=\/wp\/v2\/posts\/97768\/revisions\/97774"}],"wp:attachment":[{"href":"https:\/\/www.zsben.cz\/wordpress\/index.php?rest_route=%2Fwp%2Fv2%2Fmedia&parent=97768"}],"wp:term":[{"taxonomy":"category","embeddable":true,"href":"https:\/\/www.zsben.cz\/wordpress\/index.php?rest_route=%2Fwp%2Fv2%2Fcategories&post=97768"},{"taxonomy":"post_tag","embeddable":true,"href":"https:\/\/www.zsben.cz\/wordpress\/index.php?rest_route=%2Fwp%2Fv2%2Ftags&post=97768"}],"curies":[{"name":"wp","href":"https:\/\/api.w.org\/{rel}","templated":true}]}}