{"id":97225,"date":"2022-10-26T13:48:59","date_gmt":"2022-10-26T11:48:59","guid":{"rendered":"https:\/\/www.zsben.cz\/wordpress\/?p=97225"},"modified":"2022-10-26T13:49:41","modified_gmt":"2022-10-26T11:49:41","slug":"republikove-finale-zs-v-prespolnim-behu","status":"publish","type":"post","link":"https:\/\/www.zsben.cz\/wordpress\/?p=97225","title":{"rendered":"Republikov\u00e9 fin\u00e1le Z\u0160 v p\u0159espoln\u00edm b\u011bhu"},"content":{"rendered":"<p>V \u00fater\u00fd 25. 10. se \u017e\u00e1ci na\u0161\u00ed \u0161koly z\u00fa\u010dastnili Republikov\u00e9ho fin\u00e1le v p\u0159espoln\u00edm b\u011bhu ve \u017d\u010f\u00e1ru nad S\u00e1zavou. A v \u017e\u00e1dn\u00e9m p\u0159\u00edpad\u011b se neztratili v davu b\u011b\u017ec\u016f, kter\u00fd byl symbolem ka\u017ed\u00e9 kategorie.<\/p>\n<p>\u00dasp\u011bch byl u\u017e postup na republikov\u00e9 fin\u00e1le a zde ka\u017ed\u00fd bojoval ze v\u0161ech sil.<\/p>\n<p>Dru\u017estvo mlad\u0161\u00edch d\u00edvek, ve slo\u017een\u00ed &#8211; Anna \u0160ime\u010dkov\u00e1, Julie Vesel\u00e1, Magda Mo\u017e\u00ed\u0161ov\u00e1, Karol\u00edna Strakov\u00e1, Eli\u0161ka Sko\u0159epov\u00e1 a \u0160\u00e1rka Ottlov\u00e1 se jako dru\u017estvo um\u00edstily na 14. m\u00edst\u011b. P\u0159i\u010dem\u017e ve 100 \u010dlenn\u00e9m startovn\u00edm poli se pohybovaly okolo 40.m\u00edsta.<\/p>\n<p>Dru\u017estvo mlad\u0161\u00edch chlapc\u016f ve slo\u017een\u00ed &#8211; Ondra R\u016f\u017ei\u010dka, Filip Drahota, Patrik Pode\u0161va, Sebasti\u00e1n Woller, Vojta Douda a Filip Vobeck\u00fd &#8211; vybojovali super 5. m\u00edsto mezi dru\u017estvy. A tento \u00fasp\u011bch Ondra R\u016f\u017ei\u010dka korunoval naprostou p\u0159evahou a v\u00edt\u011bzstv\u00edm ve sv\u00e9 kategorii.<\/p>\n<p>Dru\u017estvo star\u0161\u00edch chlapc\u016f ve slo\u017een\u00ed &#8211; Josef Provazn\u00edk, Mat\u011bj K\u0159\u00ed\u017e, Ale\u0161 Fabi\u00e1n a Pavel \u0160\u0165astn\u00fd vybojovali, ve sv\u00e9 n\u00e1ro\u010dn\u00e9 kategorii, kr\u00e1sn\u00e9 11. m\u00edsto. Ale\u0161 Fabi\u00e1n mezi jednotlivci takt\u00e9\u017e 11.<\/p>\n<p>V\u00fdsledky i \u010dasy budou vyv\u011b\u0161eny na n\u00e1st\u011bnce u kabinetu TV.<\/p>\n<p>V\u0161em pat\u0159\u00ed obrovsk\u00e1 gratulace, bylo to kr\u00e1sn\u00e9, bojovn\u00e9. Nav\u00edc i s p\u0159\u00edslibem do dal\u0161\u00edch let.<\/p>\n<p>Sladk\u00e1 odm\u011bna V\u00e1s jist\u011b nemine.<\/p>\n<p>Je\u0161t\u011b jednou v\u0161em moc d\u011bkuji, jsem na V\u00e1s py\u0161n\u00e1.<\/p>\nngg_shortcode_0_placeholder\n<p>&nbsp;<\/p>\n<div class=\"fcbkbttn_buttons_block\" id=\"fcbkbttn_left\"><div class=\"fcbkbttn_like \"><div class=\"fb-like fb-like-button_count\" data-href=\"https:\/\/www.zsben.cz\/wordpress\/?p=97225\" data-colorscheme=\"light\" data-layout=\"button_count\" data-action=\"like\"  data-size=\"small\"><\/div><\/div><div class=\"fb-share-button  \" data-href=\"https:\/\/www.zsben.cz\/wordpress\/?p=97225\" data-type=\"button_count\" data-size=\"small\"><\/div><\/div>","protected":false},"excerpt":{"rendered":"<p>V \u00fater\u00fd 25. 10. se \u017e\u00e1ci na\u0161\u00ed \u0161koly z\u00fa\u010dastnili Republikov\u00e9ho fin\u00e1le v p\u0159espoln\u00edm b\u011bhu ve \u017d\u010f\u00e1ru nad S\u00e1zavou. A v \u017e\u00e1dn\u00e9m p\u0159\u00edpad\u011b se neztratili v davu b\u011b\u017ec\u016f, kter\u00fd byl symbolem ka\u017ed\u00e9 kategorie. \u00dasp\u011bch byl u\u017e postup na republikov\u00e9 fin\u00e1le a zde ka\u017ed\u00fd bojoval ze v\u0161ech sil. Dru\u017estvo mlad\u0161\u00edch d\u00edvek, ve slo\u017een\u00ed &#8211; Anna \u0160ime\u010dkov\u00e1, Julie [&hellip;]<\/p>\n","protected":false},"author":4,"featured_media":0,"comment_status":"closed","ping_status":"closed","sticky":false,"template":"","format":"standard","meta":{"ngg_post_thumbnail":0,"footnotes":""},"categories":[1,10],"tags":[],"class_list":["post-97225","post","type-post","status-publish","format-standard","hentry","category-aktuality","category-telocvik"],"_links":{"self":[{"href":"https:\/\/www.zsben.cz\/wordpress\/index.php?rest_route=\/wp\/v2\/posts\/97225","targetHints":{"allow":["GET"]}}],"collection":[{"href":"https:\/\/www.zsben.cz\/wordpress\/index.php?rest_route=\/wp\/v2\/posts"}],"about":[{"href":"https:\/\/www.zsben.cz\/wordpress\/index.php?rest_route=\/wp\/v2\/types\/post"}],"author":[{"embeddable":true,"href":"https:\/\/www.zsben.cz\/wordpress\/index.php?rest_route=\/wp\/v2\/users\/4"}],"replies":[{"embeddable":true,"href":"https:\/\/www.zsben.cz\/wordpress\/index.php?rest_route=%2Fwp%2Fv2%2Fcomments&post=97225"}],"version-history":[{"count":1,"href":"https:\/\/www.zsben.cz\/wordpress\/index.php?rest_route=\/wp\/v2\/posts\/97225\/revisions"}],"predecessor-version":[{"id":97226,"href":"https:\/\/www.zsben.cz\/wordpress\/index.php?rest_route=\/wp\/v2\/posts\/97225\/revisions\/97226"}],"wp:attachment":[{"href":"https:\/\/www.zsben.cz\/wordpress\/index.php?rest_route=%2Fwp%2Fv2%2Fmedia&parent=97225"}],"wp:term":[{"taxonomy":"category","embeddable":true,"href":"https:\/\/www.zsben.cz\/wordpress\/index.php?rest_route=%2Fwp%2Fv2%2Fcategories&post=97225"},{"taxonomy":"post_tag","embeddable":true,"href":"https:\/\/www.zsben.cz\/wordpress\/index.php?rest_route=%2Fwp%2Fv2%2Ftags&post=97225"}],"curies":[{"name":"wp","href":"https:\/\/api.w.org\/{rel}","templated":true}]}}