{"id":95149,"date":"2022-08-30T20:19:58","date_gmt":"2022-08-30T18:19:58","guid":{"rendered":"https:\/\/www.zsben.cz\/wordpress\/?p=95149"},"modified":"2022-08-31T19:21:48","modified_gmt":"2022-08-31T17:21:48","slug":"zacatek-noveho-skolniho-roku","status":"publish","type":"post","link":"https:\/\/www.zsben.cz\/wordpress\/?p=95149","title":{"rendered":"Za\u010d\u00e1tek nov\u00e9ho \u0161koln\u00edho roku"},"content":{"rendered":"<p><strong>Nov\u00fd \u0161koln\u00ed rok 2022\/23 zah\u00e1j\u00edme 1. z\u00e1\u0159\u00ed v&nbsp;8 hodin:<\/strong><\/p>\n<ol>\n<li>t\u0159\u00eddy a p\u0159\u00edpravn\u00e1 t\u0159\u00edda budou m\u00edt slavnostn\u00ed p\u0159iv\u00edt\u00e1n\u00ed v are\u00e1lu \u0161koly p\u0159ed hlavn\u00edm vchodem.<\/li>\n<\/ol>\n<p>&nbsp; &nbsp; &nbsp; &nbsp; &nbsp; &nbsp; &nbsp; &nbsp; &nbsp; &nbsp; &nbsp; V p\u0159\u00edpad\u011b de\u0161t\u011b p\u016fjdou d\u011bti do t\u0159\u00eddy.<\/p>\n<ol start=\"2\">\n<li>\u2013 9. t\u0159\u00eddy zah\u00e1j\u00ed nov\u00fd \u0161koln\u00ed rok ve t\u0159\u00edd\u00e1ch.<\/li>\n<\/ol>\n<p>&nbsp; &nbsp; &nbsp; Tento den nen\u00ed je\u0161t\u011b b\u011b\u017en\u00fd provoz. &nbsp;Odchod \u017e\u00e1k\u016f ze \u0161koly bude v 9,00.&nbsp;<\/p>\n<p>&nbsp; &nbsp; &nbsp; 1. 9. mohou j\u00edt p\u0159ihl\u00e1\u0161en\u00ed \u017e\u00e1ci&nbsp; na ob\u011bd v dob\u011b od 9,00 do 11,00.<\/p>\n<p>&nbsp; &nbsp; &nbsp; &nbsp;Od 2. z\u00e1\u0159\u00ed se vyu\u010duje podle rozvrhu.<\/p>\n<div class=\"fcbkbttn_buttons_block\" id=\"fcbkbttn_left\"><div class=\"fcbkbttn_like \"><div class=\"fb-like fb-like-button_count\" data-href=\"https:\/\/www.zsben.cz\/wordpress\/?p=95149\" data-colorscheme=\"light\" data-layout=\"button_count\" data-action=\"like\"  data-size=\"small\"><\/div><\/div><div class=\"fb-share-button  \" data-href=\"https:\/\/www.zsben.cz\/wordpress\/?p=95149\" data-type=\"button_count\" data-size=\"small\"><\/div><\/div>","protected":false},"excerpt":{"rendered":"<p>Nov\u00fd \u0161koln\u00ed rok 2022\/23 zah\u00e1j\u00edme 1. z\u00e1\u0159\u00ed v&nbsp;8 hodin: t\u0159\u00eddy a p\u0159\u00edpravn\u00e1 t\u0159\u00edda budou m\u00edt slavnostn\u00ed p\u0159iv\u00edt\u00e1n\u00ed v are\u00e1lu \u0161koly p\u0159ed hlavn\u00edm vchodem. &nbsp; &nbsp; &nbsp; &nbsp; &nbsp; &nbsp; &nbsp; &nbsp; &nbsp; &nbsp; &nbsp; V p\u0159\u00edpad\u011b de\u0161t\u011b p\u016fjdou d\u011bti do t\u0159\u00eddy. \u2013 9. t\u0159\u00eddy zah\u00e1j\u00ed nov\u00fd \u0161koln\u00ed rok ve t\u0159\u00edd\u00e1ch. &nbsp; &nbsp; &nbsp; Tento den [&hellip;]<\/p>\n","protected":false},"author":13,"featured_media":0,"comment_status":"closed","ping_status":"closed","sticky":false,"template":"","format":"standard","meta":{"ngg_post_thumbnail":0,"footnotes":""},"categories":[1],"tags":[],"class_list":["post-95149","post","type-post","status-publish","format-standard","hentry","category-aktuality"],"_links":{"self":[{"href":"https:\/\/www.zsben.cz\/wordpress\/index.php?rest_route=\/wp\/v2\/posts\/95149","targetHints":{"allow":["GET"]}}],"collection":[{"href":"https:\/\/www.zsben.cz\/wordpress\/index.php?rest_route=\/wp\/v2\/posts"}],"about":[{"href":"https:\/\/www.zsben.cz\/wordpress\/index.php?rest_route=\/wp\/v2\/types\/post"}],"author":[{"embeddable":true,"href":"https:\/\/www.zsben.cz\/wordpress\/index.php?rest_route=\/wp\/v2\/users\/13"}],"replies":[{"embeddable":true,"href":"https:\/\/www.zsben.cz\/wordpress\/index.php?rest_route=%2Fwp%2Fv2%2Fcomments&post=95149"}],"version-history":[{"count":4,"href":"https:\/\/www.zsben.cz\/wordpress\/index.php?rest_route=\/wp\/v2\/posts\/95149\/revisions"}],"predecessor-version":[{"id":95161,"href":"https:\/\/www.zsben.cz\/wordpress\/index.php?rest_route=\/wp\/v2\/posts\/95149\/revisions\/95161"}],"wp:attachment":[{"href":"https:\/\/www.zsben.cz\/wordpress\/index.php?rest_route=%2Fwp%2Fv2%2Fmedia&parent=95149"}],"wp:term":[{"taxonomy":"category","embeddable":true,"href":"https:\/\/www.zsben.cz\/wordpress\/index.php?rest_route=%2Fwp%2Fv2%2Fcategories&post=95149"},{"taxonomy":"post_tag","embeddable":true,"href":"https:\/\/www.zsben.cz\/wordpress\/index.php?rest_route=%2Fwp%2Fv2%2Ftags&post=95149"}],"curies":[{"name":"wp","href":"https:\/\/api.w.org\/{rel}","templated":true}]}}