{"id":94886,"date":"2022-07-01T08:48:28","date_gmt":"2022-07-01T06:48:28","guid":{"rendered":"https:\/\/www.zsben.cz\/wordpress\/?p=94886"},"modified":"2022-07-01T08:53:02","modified_gmt":"2022-07-01T06:53:02","slug":"slavnostni-vyrazeni-zaku-9-trid-7","status":"publish","type":"post","link":"https:\/\/www.zsben.cz\/wordpress\/?p=94886","title":{"rendered":"Slavnostn\u00ed vy\u0159azen\u00ed \u017e\u00e1k\u016f 9. t\u0159\u00edd"},"content":{"rendered":"<p>Na z\u00e1v\u011br \u0161koln\u00edho roku se ji\u017e tradi\u010dn\u011b lou\u010d\u00edme s na\u0161imi absolventy. Slavnostn\u011b vy\u0159azujeme \u017e\u00e1ky dev\u00e1t\u00fdch t\u0159\u00edd. I letos t\u00e9to akci p\u0159ihl\u00ed\u017eelo publikum z \u0159ad rodi\u010d\u016f, sourozenc\u016f, kamar\u00e1d\u016f, u\u010ditel\u016f, &#8230; Hledi\u0161t\u011b bylo zapln\u011bno k prasknut\u00ed a v\u0161ichni netrp\u011bliv\u011b o\u010dek\u00e1vali p\u0159\u00edchod t\u011bch nejd\u016fle\u017eit\u011bj\u0161\u00edch &#8211; na\u0161ich dev\u00e1\u0165\u00e1k\u016f. Za\u010d\u00e1tek programu za\u0159\u00eddily jednotliv\u00e9 t\u0159\u00eddy. Po jejich &#8220;voln\u00e9 discipl\u00edn\u011b&#8221; p\u0159i\u0161el \u010das pro ofici\u00e1ln\u00ed dekorov\u00e1n\u00ed absolvent\u016f, kter\u00e9ho se ujaly pan\u00ed u\u010ditelky t\u0159\u00eddn\u00ed spole\u010dn\u011b s pan\u00ed \u0159editelkou. Po t\u00e9 je\u0161t\u011b odm\u011bn\u011bn\u00ed t\u011bch nej\u00fasp\u011b\u0161n\u011bj\u0161\u00edch, kte\u0159\u00ed skv\u011ble reprezentovali na\u0161\u00ed \u0161kolu a konec. Zase jsme o rok star\u0161\u00ed a zase do\u0161lo i na slzy. Jedna ot\u0159epan\u00e1 fr\u00e1ze \u0159\u00edk\u00e1, \u017ee kdy\u017e n\u011bco kon\u010d\u00ed, n\u011bco dal\u0161\u00edho za\u010d\u00edn\u00e1. A tak p\u0159ejeme v\u0161em \u0161\u0165astn\u00e9 vykro\u010den\u00ed do dal\u0161\u00ed etapy \u017eivota a je\u0161t\u011b p\u0159ed t\u00edm kr\u00e1sn\u00e9 l\u00e9to pln\u00e9 slun\u00ed\u010dka.<\/p>\nngg_shortcode_0_placeholder\n<p>Fotografie v pln\u00e9m rozli\u0161en\u00ed si m\u016f\u017eete st\u00e1hnout <a href=\"https:\/\/zsben-my.sharepoint.com\/:u:\/g\/personal\/brazda_zsben_cz\/EZ__eeSAPPZEhUUB-j_J4IQBJja2vOW13k_8qZXljZEsFQ?e=X3e7RF\">zde.<\/a><\/p>\n<p>&nbsp;<\/p>\n<div class=\"ddict_btn\" style=\"top: 286px; left: -3.3554e+07px;\"><img decoding=\"async\" src=\"chrome-extension:\/\/bpggmmljdiliancllaapiggllnkbjocb\/logo\/48.png\"><\/div>\n<div class=\"fcbkbttn_buttons_block\" id=\"fcbkbttn_left\"><div class=\"fcbkbttn_like \"><div class=\"fb-like fb-like-button_count\" data-href=\"https:\/\/www.zsben.cz\/wordpress\/?p=94886\" data-colorscheme=\"light\" data-layout=\"button_count\" data-action=\"like\"  data-size=\"small\"><\/div><\/div><div class=\"fb-share-button  \" data-href=\"https:\/\/www.zsben.cz\/wordpress\/?p=94886\" data-type=\"button_count\" data-size=\"small\"><\/div><\/div>","protected":false},"excerpt":{"rendered":"<p>Na z\u00e1v\u011br \u0161koln\u00edho roku se ji\u017e tradi\u010dn\u011b lou\u010d\u00edme s na\u0161imi absolventy. Slavnostn\u011b vy\u0159azujeme \u017e\u00e1ky dev\u00e1t\u00fdch t\u0159\u00edd. I letos t\u00e9to akci p\u0159ihl\u00ed\u017eelo publikum z \u0159ad rodi\u010d\u016f, sourozenc\u016f, kamar\u00e1d\u016f, u\u010ditel\u016f, &#8230; Hledi\u0161t\u011b bylo zapln\u011bno k prasknut\u00ed a v\u0161ichni netrp\u011bliv\u011b o\u010dek\u00e1vali p\u0159\u00edchod t\u011bch nejd\u016fle\u017eit\u011bj\u0161\u00edch &#8211; na\u0161ich dev\u00e1\u0165\u00e1k\u016f. Za\u010d\u00e1tek programu za\u0159\u00eddily jednotliv\u00e9 t\u0159\u00eddy. Po jejich &#8220;voln\u00e9 discipl\u00edn\u011b&#8221; p\u0159i\u0161el \u010das [&hellip;]<\/p>\n","protected":false},"author":1,"featured_media":0,"comment_status":"closed","ping_status":"closed","sticky":false,"template":"","format":"standard","meta":{"ngg_post_thumbnail":0,"footnotes":""},"categories":[1],"tags":[],"class_list":["post-94886","post","type-post","status-publish","format-standard","hentry","category-aktuality"],"_links":{"self":[{"href":"https:\/\/www.zsben.cz\/wordpress\/index.php?rest_route=\/wp\/v2\/posts\/94886","targetHints":{"allow":["GET"]}}],"collection":[{"href":"https:\/\/www.zsben.cz\/wordpress\/index.php?rest_route=\/wp\/v2\/posts"}],"about":[{"href":"https:\/\/www.zsben.cz\/wordpress\/index.php?rest_route=\/wp\/v2\/types\/post"}],"author":[{"embeddable":true,"href":"https:\/\/www.zsben.cz\/wordpress\/index.php?rest_route=\/wp\/v2\/users\/1"}],"replies":[{"embeddable":true,"href":"https:\/\/www.zsben.cz\/wordpress\/index.php?rest_route=%2Fwp%2Fv2%2Fcomments&post=94886"}],"version-history":[{"count":4,"href":"https:\/\/www.zsben.cz\/wordpress\/index.php?rest_route=\/wp\/v2\/posts\/94886\/revisions"}],"predecessor-version":[{"id":95114,"href":"https:\/\/www.zsben.cz\/wordpress\/index.php?rest_route=\/wp\/v2\/posts\/94886\/revisions\/95114"}],"wp:attachment":[{"href":"https:\/\/www.zsben.cz\/wordpress\/index.php?rest_route=%2Fwp%2Fv2%2Fmedia&parent=94886"}],"wp:term":[{"taxonomy":"category","embeddable":true,"href":"https:\/\/www.zsben.cz\/wordpress\/index.php?rest_route=%2Fwp%2Fv2%2Fcategories&post=94886"},{"taxonomy":"post_tag","embeddable":true,"href":"https:\/\/www.zsben.cz\/wordpress\/index.php?rest_route=%2Fwp%2Fv2%2Ftags&post=94886"}],"curies":[{"name":"wp","href":"https:\/\/api.w.org\/{rel}","templated":true}]}}