{"id":89926,"date":"2022-02-07T00:10:26","date_gmt":"2022-02-06T23:10:26","guid":{"rendered":"https:\/\/www.zsben.cz\/wordpress\/?p=89926"},"modified":"2022-02-07T00:10:26","modified_gmt":"2022-02-06T23:10:26","slug":"skolni-druzina-v-podblanickem-ekocentru","status":"publish","type":"post","link":"https:\/\/www.zsben.cz\/wordpress\/?p=89926","title":{"rendered":"\u0160koln\u00ed dru\u017eina v Podblanick\u00e9m ekocentru"},"content":{"rendered":"<p>&nbsp;V pr\u016fb\u011bhu m\u011bs\u00edce ledna v r\u00e1mci projektov\u00fdch dn\u016f nav\u0161t\u00edvili \u017e\u00e1ci ze \u0160D Podblanick\u00e9 ekocentrum. Byl pro n\u00e1s p\u0159ipraven velmi p\u011bkn\u00fd v\u00fdukov\u00fd program \u201eOd zrna k bochn\u00edku\u201c. D\u011bti se dozv\u011bd\u011bly v\u0161e o slo\u017eit\u00e9 cest\u011b zrn\u00ed\u010dka obil\u00ed p\u0159es jeho zaset\u00ed a semlet\u00ed na mouku a\u017e k upe\u010den\u00ed chleba. Samy si vyzkou\u0161ely ml\u00e1cen\u00ed cepem, ru\u010dn\u00ed mlet\u00ed, zazp\u00edvaly si p\u00edsni\u010dky a upekly sv\u016fj chleb\u00edk, ke kter\u00e9mu dostaly i recept. V\u0161em se program velmi l\u00edbil.<\/p>\nngg_shortcode_0_placeholder\n<div class=\"fcbkbttn_buttons_block\" id=\"fcbkbttn_left\"><div class=\"fcbkbttn_like \"><div class=\"fb-like fb-like-button_count\" data-href=\"https:\/\/www.zsben.cz\/wordpress\/?p=89926\" data-colorscheme=\"light\" data-layout=\"button_count\" data-action=\"like\"  data-size=\"small\"><\/div><\/div><div class=\"fb-share-button  \" data-href=\"https:\/\/www.zsben.cz\/wordpress\/?p=89926\" data-type=\"button_count\" data-size=\"small\"><\/div><\/div>","protected":false},"excerpt":{"rendered":"<p>&nbsp;V pr\u016fb\u011bhu m\u011bs\u00edce ledna v r\u00e1mci projektov\u00fdch dn\u016f nav\u0161t\u00edvili \u017e\u00e1ci ze \u0160D Podblanick\u00e9 ekocentrum. Byl pro n\u00e1s p\u0159ipraven velmi p\u011bkn\u00fd v\u00fdukov\u00fd program \u201eOd zrna k bochn\u00edku\u201c. D\u011bti se dozv\u011bd\u011bly v\u0161e o slo\u017eit\u00e9 cest\u011b zrn\u00ed\u010dka obil\u00ed p\u0159es jeho zaset\u00ed a semlet\u00ed na mouku a\u017e k upe\u010den\u00ed chleba. Samy si vyzkou\u0161ely ml\u00e1cen\u00ed cepem, ru\u010dn\u00ed mlet\u00ed, zazp\u00edvaly si [&hellip;]<\/p>\n","protected":false},"author":36,"featured_media":0,"comment_status":"closed","ping_status":"closed","sticky":false,"template":"","format":"standard","meta":{"ngg_post_thumbnail":0,"footnotes":""},"categories":[1,14],"tags":[],"class_list":["post-89926","post","type-post","status-publish","format-standard","hentry","category-aktuality","category-skolni-druzina"],"_links":{"self":[{"href":"https:\/\/www.zsben.cz\/wordpress\/index.php?rest_route=\/wp\/v2\/posts\/89926","targetHints":{"allow":["GET"]}}],"collection":[{"href":"https:\/\/www.zsben.cz\/wordpress\/index.php?rest_route=\/wp\/v2\/posts"}],"about":[{"href":"https:\/\/www.zsben.cz\/wordpress\/index.php?rest_route=\/wp\/v2\/types\/post"}],"author":[{"embeddable":true,"href":"https:\/\/www.zsben.cz\/wordpress\/index.php?rest_route=\/wp\/v2\/users\/36"}],"replies":[{"embeddable":true,"href":"https:\/\/www.zsben.cz\/wordpress\/index.php?rest_route=%2Fwp%2Fv2%2Fcomments&post=89926"}],"version-history":[{"count":2,"href":"https:\/\/www.zsben.cz\/wordpress\/index.php?rest_route=\/wp\/v2\/posts\/89926\/revisions"}],"predecessor-version":[{"id":89928,"href":"https:\/\/www.zsben.cz\/wordpress\/index.php?rest_route=\/wp\/v2\/posts\/89926\/revisions\/89928"}],"wp:attachment":[{"href":"https:\/\/www.zsben.cz\/wordpress\/index.php?rest_route=%2Fwp%2Fv2%2Fmedia&parent=89926"}],"wp:term":[{"taxonomy":"category","embeddable":true,"href":"https:\/\/www.zsben.cz\/wordpress\/index.php?rest_route=%2Fwp%2Fv2%2Fcategories&post=89926"},{"taxonomy":"post_tag","embeddable":true,"href":"https:\/\/www.zsben.cz\/wordpress\/index.php?rest_route=%2Fwp%2Fv2%2Ftags&post=89926"}],"curies":[{"name":"wp","href":"https:\/\/api.w.org\/{rel}","templated":true}]}}