{"id":87891,"date":"2021-10-18T15:09:10","date_gmt":"2021-10-18T13:09:10","guid":{"rendered":"https:\/\/www.zsben.cz\/wordpress\/?p=87891"},"modified":"2021-10-18T15:09:10","modified_gmt":"2021-10-18T13:09:10","slug":"6-c-a-6-e-v-zamku-ruzkovy-lhotice","status":"publish","type":"post","link":"https:\/\/www.zsben.cz\/wordpress\/?p=87891","title":{"rendered":"6.C a 6.E  v z\u00e1mku R\u016f\u017ekovy Lhotice"},"content":{"rendered":"<p>V&nbsp;p\u00e1tek 15.10. se t\u0159\u00eddy 6.C a 6.E z\u00fa\u010dastnily d\u011bjepisn\u00e9 exkurze v z\u00e1mku R\u016f\u017ekovy Lhotice.<\/p>\n<p>P\u0159i exkurzi jsme si prohl\u00e9dli st\u00e1lou expozici s n\u00e1zvem Podblanicko v d\u011bjin\u00e1ch hudby, kde n\u00e1s pan pr\u016fvodce provedl interi\u00e9rem a k tomu n\u00e1m velice zaj\u00edmav\u011b vypr\u00e1v\u011bl o \u017eivot\u011b Bed\u0159icha Smetany. P\u0159i dal\u0161\u00ed \u010d\u00e1sti exkurze jsme byli rozd\u011bleni na \u010dty\u0159i skupiny a plnili r\u016fzn\u00e9 \u00fakoly spojen\u00e9 s&nbsp;\u017eivotem lid\u00ed v&nbsp;obdob\u00ed prav\u011bku a st\u0159edov\u011bku (viz foto). Nakonec jsme se v\u0161ichni se\u0161li u oh\u00fdnku, kde si v\u011bt\u0161ina z&nbsp;n\u00e1s pochutnala na ope\u010den\u00e9m bu\u0159tu.<\/p>\n<p>Exkurze se n\u00e1m i p\u0159es chladn\u011bj\u0161\u00ed po\u010das\u00ed moc l\u00edbila.\ud83d\ude00\ud83d\ude00\ud83d\ude00<\/p>\n<p>\u017d\u00e1ci t\u0159\u00eddy 6. C<\/p>\nngg_shortcode_0_placeholder\n<p>&nbsp;<\/p>\n<div class=\"fcbkbttn_buttons_block\" id=\"fcbkbttn_left\"><div class=\"fcbkbttn_like \"><div class=\"fb-like fb-like-button_count\" data-href=\"https:\/\/www.zsben.cz\/wordpress\/?p=87891\" data-colorscheme=\"light\" data-layout=\"button_count\" data-action=\"like\"  data-size=\"small\"><\/div><\/div><div class=\"fb-share-button  \" data-href=\"https:\/\/www.zsben.cz\/wordpress\/?p=87891\" data-type=\"button_count\" data-size=\"small\"><\/div><\/div>","protected":false},"excerpt":{"rendered":"<p>V&nbsp;p\u00e1tek 15.10. se t\u0159\u00eddy 6.C a 6.E z\u00fa\u010dastnily d\u011bjepisn\u00e9 exkurze v z\u00e1mku R\u016f\u017ekovy Lhotice. P\u0159i exkurzi jsme si prohl\u00e9dli st\u00e1lou expozici s n\u00e1zvem Podblanicko v d\u011bjin\u00e1ch hudby, kde n\u00e1s pan pr\u016fvodce provedl interi\u00e9rem a k tomu n\u00e1m velice zaj\u00edmav\u011b vypr\u00e1v\u011bl o \u017eivot\u011b Bed\u0159icha Smetany. P\u0159i dal\u0161\u00ed \u010d\u00e1sti exkurze jsme byli rozd\u011bleni na \u010dty\u0159i skupiny a [&hellip;]<\/p>\n","protected":false},"author":18,"featured_media":0,"comment_status":"closed","ping_status":"closed","sticky":false,"template":"","format":"standard","meta":{"ngg_post_thumbnail":0,"footnotes":""},"categories":[1],"tags":[],"class_list":["post-87891","post","type-post","status-publish","format-standard","hentry","category-aktuality"],"_links":{"self":[{"href":"https:\/\/www.zsben.cz\/wordpress\/index.php?rest_route=\/wp\/v2\/posts\/87891","targetHints":{"allow":["GET"]}}],"collection":[{"href":"https:\/\/www.zsben.cz\/wordpress\/index.php?rest_route=\/wp\/v2\/posts"}],"about":[{"href":"https:\/\/www.zsben.cz\/wordpress\/index.php?rest_route=\/wp\/v2\/types\/post"}],"author":[{"embeddable":true,"href":"https:\/\/www.zsben.cz\/wordpress\/index.php?rest_route=\/wp\/v2\/users\/18"}],"replies":[{"embeddable":true,"href":"https:\/\/www.zsben.cz\/wordpress\/index.php?rest_route=%2Fwp%2Fv2%2Fcomments&post=87891"}],"version-history":[{"count":1,"href":"https:\/\/www.zsben.cz\/wordpress\/index.php?rest_route=\/wp\/v2\/posts\/87891\/revisions"}],"predecessor-version":[{"id":87935,"href":"https:\/\/www.zsben.cz\/wordpress\/index.php?rest_route=\/wp\/v2\/posts\/87891\/revisions\/87935"}],"wp:attachment":[{"href":"https:\/\/www.zsben.cz\/wordpress\/index.php?rest_route=%2Fwp%2Fv2%2Fmedia&parent=87891"}],"wp:term":[{"taxonomy":"category","embeddable":true,"href":"https:\/\/www.zsben.cz\/wordpress\/index.php?rest_route=%2Fwp%2Fv2%2Fcategories&post=87891"},{"taxonomy":"post_tag","embeddable":true,"href":"https:\/\/www.zsben.cz\/wordpress\/index.php?rest_route=%2Fwp%2Fv2%2Ftags&post=87891"}],"curies":[{"name":"wp","href":"https:\/\/api.w.org\/{rel}","templated":true}]}}