{"id":86701,"date":"2021-08-29T15:33:57","date_gmt":"2021-08-29T13:33:57","guid":{"rendered":"https:\/\/www.zsben.cz\/wordpress\/?p=86701"},"modified":"2021-08-31T13:58:20","modified_gmt":"2021-08-31T11:58:20","slug":"zahajeni-noveho-skolniho-roku-2021-2022","status":"publish","type":"post","link":"https:\/\/www.zsben.cz\/wordpress\/?p=86701","title":{"rendered":"Zah\u00e1jen\u00ed nov\u00e9ho \u0161koln\u00edho roku 2021\/2022"},"content":{"rendered":"<p><u>St\u0159eda 1. z\u00e1\u0159\u00ed 2021 v&nbsp;8,00 hodin.<\/u><\/p>\n<p>Z&nbsp;d\u016fvodu COVID 19 opat\u0159en\u00ed (povinn\u00e9 testov\u00e1n\u00ed \u017e\u00e1k\u016f 2. \u2013 9. ro\u010dn\u00edk\u016f antigenn\u00edmi testy)&nbsp; bude prvn\u00ed \u0161koln\u00ed den.<\/p>\n<p>COVID 19 OPAT\u0158EN\u00cd:<\/p>\n<p>Ve spole\u010dn\u00fdch prostor\u00e1ch \u0161koly maj\u00ed v\u0161ichni povinnost si zakr\u00fdt d\u00fdchac\u00ed cesty ochrann\u00fdmi prost\u0159edky (respir\u00e1tor, rou\u0161ka).<\/p>\n<p>Testov\u00e1n\u00ed \u017e\u00e1k\u016f antigenn\u00edmi testy:<\/p>\n<p>\u017d\u00e1ci 2. \u2013 9. t\u0159\u00edd p\u016fjdou samostatn\u011b do t\u0159\u00eddy v&nbsp;\u010dase 7,45 \u2013 7,55 hodin.<\/p>\n<p><strong>ZAH\u00c1JEN\u00cd \u0160KOLN\u00cdHO ROKU \u2013 1. Z\u00c1\u0158\u00cd 2021<\/strong><\/p>\n<p>ZAH\u00c1JEN\u00cd \u0160KOLN\u00cdHO ROKU 2021\/2022 v&nbsp;8,00 hodin (ukon\u010den\u00ed v&nbsp;9,00hodin)<\/p>\n<p>\u017d\u00e1ci 2. \u2013 9. ro\u010dn\u00edk\u016f se otestuj\u00ed a sezn\u00e1m\u00ed se s&nbsp;t\u00edm, co je \u010dek\u00e1 v&nbsp;dal\u0161\u00edch dnech.<\/p>\n<p><strong>Prv\u0148\u00e1\u010dci tzn.,1.t\u0159\u00eddy spole\u010dn\u011b s&nbsp;d\u011btmi za\u0159azen\u00fdch do p\u0159\u00edpravn\u00e9 t\u0159\u00eddy se sejdou v&nbsp;are\u00e1lu \u0161koly p\u0159ed hlavn\u00edm vchodem v&nbsp;8,00. Rodi\u010de jsou v\u00edt\u00e1ni.<\/strong><\/p>\n<p>\u017d\u00e1ci prvn\u00edch t\u0159\u00edd a p\u0159\u00edpravn\u00e1 t\u0159\u00edda se budou testovat a\u017e n\u00e1sleduj\u00edc\u00ed den, tzn. ve \u010dtvrtek 2. z\u00e1\u0159\u00ed v&nbsp;8,00 hodin ve t\u0159\u00edd\u011b.<\/p>\n<ol>\n<li>z\u00e1\u0159\u00ed \u0161koln\u00ed dru\u017eina (d\u00e1le jen \u0160D) nen\u00ed v provozu r\u00e1no od 6,30 do 8,00. Provoz bude od 9,30 do 15,00 pro p\u0159ihl\u00e1\u0161en\u00e9 ze 2. &#8211; 4. t\u0159\u00edd.<\/li>\n<\/ol>\n<p><strong>Od 2. z\u00e1\u0159\u00ed je provoz \u0160D od 6,30 do 17,00 pro v\u0161echny p\u0159ihl\u00e1\u0161en\u00e9, tzn. 1. \u2013 4. t\u0159\u00eddy a p\u0159\u00edpravnou t\u0159\u00eddu.<\/strong><\/p>\n<p><span style=\"text-decoration: underline\">&nbsp;Ve \u010dtvrtek 2. z\u00e1\u0159\u00ed 2021 prob\u00edh\u00e1 v\u00fduka ve v\u0161ech t\u0159\u00edd\u00e1ch se sv\u00fdmi t\u0159\u00eddn\u00edmi u\u010diteli pouze v dopoledn\u00edch hodin\u00e1ch. V\u00fduka podle rozvrhu za\u010d\u00edn\u00e1 od p\u00e1tku 3. z\u00e1\u0159\u00ed 2021.<\/span><\/p>\n<p><strong>\u0160KOLN\u00cd J\u00cdDELNA je v provozu od 1. z\u00e1\u0159\u00ed 2021<\/strong><\/p>\n<p>V\u0161ichni \u017e\u00e1ci,<\/p>\n<p>(krom\u011b 1. t\u0159\u00edd a p\u0159\u00edpravn\u00e9 t\u0159\u00eddy) maj\u00ed automaticky p\u0159ihl\u00e1\u0161en\u00e9 ob\u011bdy od 1. z\u00e1\u0159\u00ed 2021.<\/p>\n<p>\u017d\u00e1ci 1. t\u0159\u00edd &nbsp;a d\u011bti z&nbsp;p\u0159\u00edpravn\u00e9 t\u0159\u00eddy budou m\u00edt p\u0159ihl\u00e1\u0161en\u00e9 ob\u011bdy od 2. z\u00e1\u0159\u00ed 2021.<\/p>\n<p>V\u00fddej ob\u011bd\u016f:<\/p>\n<ul>\n<li>1. z\u00e1\u0159\u00ed 2021 v \u010dase 9 \u2013 11,00 hodin.<\/li>\n<li>V&nbsp;ostatn\u00edch dnech dle rozvrhu.<\/li>\n<\/ul>\n<p>V&nbsp;p\u0159\u00edpad\u011b, \u017ee \u017e\u00e1k nep\u016fjde na ob\u011bd 1. z\u00e1\u0159\u00ed, je nutn\u00e9 ob\u011bd odhl\u00e1sit nejpozd\u011bji 31. srpna 2021 do 13,30.<\/p>\n<p>V\u00edce informac\u00ed na: www.sjdukelska.cz<\/p>\n<p><strong>POVINN\u00c9 TESTOV\u00c1N\u00cd \u017d\u00c1K\u016e<\/strong><\/p>\n<p>COVID 19 OPAT\u0158EN\u00cd:<\/p>\n<p>Ve spole\u010dn\u00fdch prostor\u00e1ch \u0161koly maj\u00ed v\u0161ichni povinnost si zakr\u00fdt d\u00fdchac\u00ed cesty ochrann\u00fdmi prost\u0159edky (respir\u00e1tor, rou\u0161ka).<\/p>\n<p><u>Testov\u00e1n\u00ed \u017e\u00e1k\u016f antigenn\u00edmi testy ve dnech:<\/u><\/p>\n<p>St\u0159eda 1. z\u00e1\u0159\u00ed 2021(vyjma \u017e\u00e1k\u016f 1. t\u0159\u00edd a p\u0159\u00edpravn\u00e9 t\u0159\u00eddy), pond\u011bl\u00ed 6. z\u00e1\u0159\u00ed a \u010dtvrtek 9. z\u00e1\u0159\u00ed 2021.<\/p>\n<p>\u017d\u00e1ci 1. t\u0159\u00edd a p\u0159\u00edpravn\u00e9 t\u0159\u00eddy se testuj\u00ed 2. z\u00e1\u0159\u00ed 2021, pond\u011bl\u00ed 6. z\u00e1\u0159\u00ed a \u010dtvrtek 9. z\u00e1\u0159\u00ed 2021.<\/p>\n<p>Povinnost testov\u00e1n\u00ed se nevztahuje na \u017e\u00e1ky s&nbsp;ukon\u010den\u00fdm o\u010dkov\u00e1n\u00edm (min. 14 dn\u00ed po 2. d\u00e1vce), s&nbsp;potvrzen\u00edm o prod\u011blan\u00e9 nemoci (180 dn\u00ed) nebo s&nbsp;prok\u00e1zan\u00fdm negativn\u00edm v\u00fdsledkem z&nbsp;odb\u011brov\u00fdch m\u00edst \/7 dn\u00ed od odb\u011bru PCR\/72 hod. AG) \u2013 doklady p\u0159edlo\u017e\u00ed t\u0159\u00eddn\u00edmu u\u010diteli.<\/p>\n<p><strong>INFORMACE PRO&nbsp; RODI\u010cE&nbsp; PRV\u0147\u00c1\u010cK\u016e A D\u011aT\u00cd DO P\u0158\u00cdPRAVN\u00c9&nbsp; T\u0158\u00cdDY<\/strong><\/p>\n<p>Od z\u00e1\u0159\u00ed bude \u0161kolu nav\u0161t\u011bvovat 959 \u017e\u00e1k\u016f a 15 d\u011bt\u00ed v&nbsp;p\u0159\u00edpravn\u00e9 t\u0159\u00edd\u011b.<\/p>\n<p>Ve \u0161koln\u00edm roce 2021\/2022 nastoup\u00ed 98 prv\u0148\u00e1\u010dk\u016f a 15 d\u011bt\u00ed nastoup\u00ed do p\u0159\u00edpravn\u00e9 t\u0159\u00eddy.<\/p>\n<p>Seznamy \u017e\u00e1k\u016f 1. t\u0159\u00edd a d\u011bt\u00ed za\u0159azen\u00fdch do p\u0159\u00edpravn\u00e9 t\u0159\u00eddy budou k&nbsp;dispozici ve st\u0159edu 1. z\u00e1\u0159\u00ed 2021 v&nbsp;budov\u011b \u0161koly \u2013 bo\u010dn\u00ed vchod do \u0161koln\u00ed dru\u017einy, seznam d\u011bt\u00ed do p\u0159\u00edpravn\u00e9 t\u0159\u00eddy bude k&nbsp;dispozici u hlavn\u00edho vchodu.<\/p>\n<p>Sou\u010d\u00e1st\u00ed \u0161koly je <strong>\u0161koln\u00ed dru\u017eina.<\/strong><\/p>\n<p>Ve \u0161kole pracuje 102 pracovn\u00edk\u016f, z&nbsp;toho 88 pedagog\u016f (u\u010ditel\u00e9, vychovatel\u00e9, v\u00fdchovn\u00ed poradci, asistenti pedagoga, \u0161koln\u00ed metodik prevence).<\/p>\n<p>Telefon do kancel\u00e1\u0159e \u0161koly: 317765111, e-mail: <a href=\"mailto:zsben@zsben.cz\">zsben@zsben.cz<\/a><\/p>\n<p>V\u00edce informac\u00ed o \u0161kole na <a href=\"http:\/\/www.zsben.cz\">www.zsben.cz<\/a><\/p>\n<p>&nbsp;<\/p>\n<div class=\"fcbkbttn_buttons_block\" id=\"fcbkbttn_left\"><div class=\"fcbkbttn_like \"><div class=\"fb-like fb-like-button_count\" data-href=\"https:\/\/www.zsben.cz\/wordpress\/?p=86701\" data-colorscheme=\"light\" data-layout=\"button_count\" data-action=\"like\"  data-size=\"small\"><\/div><\/div><div class=\"fb-share-button  \" data-href=\"https:\/\/www.zsben.cz\/wordpress\/?p=86701\" data-type=\"button_count\" data-size=\"small\"><\/div><\/div>","protected":false},"excerpt":{"rendered":"<p>St\u0159eda 1. z\u00e1\u0159\u00ed 2021 v&nbsp;8,00 hodin. Z&nbsp;d\u016fvodu COVID 19 opat\u0159en\u00ed (povinn\u00e9 testov\u00e1n\u00ed \u017e\u00e1k\u016f 2. \u2013 9. ro\u010dn\u00edk\u016f antigenn\u00edmi testy)&nbsp; bude prvn\u00ed \u0161koln\u00ed den. COVID 19 OPAT\u0158EN\u00cd: Ve spole\u010dn\u00fdch prostor\u00e1ch \u0161koly maj\u00ed v\u0161ichni povinnost si zakr\u00fdt d\u00fdchac\u00ed cesty ochrann\u00fdmi prost\u0159edky (respir\u00e1tor, rou\u0161ka). Testov\u00e1n\u00ed \u017e\u00e1k\u016f antigenn\u00edmi testy: \u017d\u00e1ci 2. \u2013 9. t\u0159\u00edd p\u016fjdou samostatn\u011b do t\u0159\u00eddy v&nbsp;\u010dase [&hellip;]<\/p>\n","protected":false},"author":13,"featured_media":0,"comment_status":"closed","ping_status":"closed","sticky":false,"template":"","format":"standard","meta":{"ngg_post_thumbnail":0,"footnotes":""},"categories":[1],"tags":[],"class_list":["post-86701","post","type-post","status-publish","format-standard","hentry","category-aktuality"],"_links":{"self":[{"href":"https:\/\/www.zsben.cz\/wordpress\/index.php?rest_route=\/wp\/v2\/posts\/86701","targetHints":{"allow":["GET"]}}],"collection":[{"href":"https:\/\/www.zsben.cz\/wordpress\/index.php?rest_route=\/wp\/v2\/posts"}],"about":[{"href":"https:\/\/www.zsben.cz\/wordpress\/index.php?rest_route=\/wp\/v2\/types\/post"}],"author":[{"embeddable":true,"href":"https:\/\/www.zsben.cz\/wordpress\/index.php?rest_route=\/wp\/v2\/users\/13"}],"replies":[{"embeddable":true,"href":"https:\/\/www.zsben.cz\/wordpress\/index.php?rest_route=%2Fwp%2Fv2%2Fcomments&post=86701"}],"version-history":[{"count":5,"href":"https:\/\/www.zsben.cz\/wordpress\/index.php?rest_route=\/wp\/v2\/posts\/86701\/revisions"}],"predecessor-version":[{"id":86708,"href":"https:\/\/www.zsben.cz\/wordpress\/index.php?rest_route=\/wp\/v2\/posts\/86701\/revisions\/86708"}],"wp:attachment":[{"href":"https:\/\/www.zsben.cz\/wordpress\/index.php?rest_route=%2Fwp%2Fv2%2Fmedia&parent=86701"}],"wp:term":[{"taxonomy":"category","embeddable":true,"href":"https:\/\/www.zsben.cz\/wordpress\/index.php?rest_route=%2Fwp%2Fv2%2Fcategories&post=86701"},{"taxonomy":"post_tag","embeddable":true,"href":"https:\/\/www.zsben.cz\/wordpress\/index.php?rest_route=%2Fwp%2Fv2%2Ftags&post=86701"}],"curies":[{"name":"wp","href":"https:\/\/api.w.org\/{rel}","templated":true}]}}