{"id":86415,"date":"2021-07-02T11:04:16","date_gmt":"2021-07-02T09:04:16","guid":{"rendered":"https:\/\/www.zsben.cz\/wordpress\/?p=86415"},"modified":"2021-07-02T11:04:16","modified_gmt":"2021-07-02T09:04:16","slug":"slavnostni-vyrazeni-zaku-9-trid-6","status":"publish","type":"post","link":"https:\/\/www.zsben.cz\/wordpress\/?p=86415","title":{"rendered":"Slavnostn\u00ed vy\u0159azen\u00ed \u017e\u00e1k\u016f 9. t\u0159\u00edd"},"content":{"rendered":"<p>Na z\u00e1v\u011br \u0161koln\u00edho roku jsme slavnostn\u011b p\u0159edali vysv\u011bd\u010den\u00ed na\u0161im &#8220;dev\u00e1\u0165\u00e1k\u016fm&#8221;. Vy\u0159azen\u00ed se \u00fa\u010dastnili ofici\u00e1ln\u00ed host\u00e9 &#8211; pan\u00ed \u0159editelka Hana Proch\u00e1zkov\u00e1, pan m\u00edstostarosta Zden\u011bk Zahradn\u00ed\u010dek, pan p\u0159edseda \u0161kolsk\u00e9 rady Jind\u0159ich Schov\u00e1nek a pan p\u0159edseda spolku rodi\u010d\u016f a p\u0159\u00e1tel na\u0161\u00ed \u0161koly Petr H\u00e1la. T\u0159\u00eddn\u00ed u\u010ditelky &#8211; Zuzana Tyrnerov\u00e1, Lenka Popovsk\u00e1, Veronika \u0160varcov\u00e1 a Ivana Hod\u017eov\u00e1 p\u0159ed\u00e1vali z\u00e1v\u011bre\u010dn\u00e1 vysv\u011bd\u010den\u00ed.&nbsp; Atmosf\u00e9ra byla p\u0159\u00edjemn\u00e1. V\u0161em p\u0159ejeme \u0161\u0165astn\u00e9 vykro\u010den\u00ed tou spr\u00e1vnou nohou do nov\u00e9 etapy studia a \u017eivota.<\/p>\nngg_shortcode_0_placeholder\n<div class=\"fcbkbttn_buttons_block\" id=\"fcbkbttn_left\"><div class=\"fcbkbttn_like \"><div class=\"fb-like fb-like-button_count\" data-href=\"https:\/\/www.zsben.cz\/wordpress\/?p=86415\" data-colorscheme=\"light\" data-layout=\"button_count\" data-action=\"like\"  data-size=\"small\"><\/div><\/div><div class=\"fb-share-button  \" data-href=\"https:\/\/www.zsben.cz\/wordpress\/?p=86415\" data-type=\"button_count\" data-size=\"small\"><\/div><\/div>","protected":false},"excerpt":{"rendered":"<p>Na z\u00e1v\u011br \u0161koln\u00edho roku jsme slavnostn\u011b p\u0159edali vysv\u011bd\u010den\u00ed na\u0161im &#8220;dev\u00e1\u0165\u00e1k\u016fm&#8221;. Vy\u0159azen\u00ed se \u00fa\u010dastnili ofici\u00e1ln\u00ed host\u00e9 &#8211; pan\u00ed \u0159editelka Hana Proch\u00e1zkov\u00e1, pan m\u00edstostarosta Zden\u011bk Zahradn\u00ed\u010dek, pan p\u0159edseda \u0161kolsk\u00e9 rady Jind\u0159ich Schov\u00e1nek a pan p\u0159edseda spolku rodi\u010d\u016f a p\u0159\u00e1tel na\u0161\u00ed \u0161koly Petr H\u00e1la. T\u0159\u00eddn\u00ed u\u010ditelky &#8211; Zuzana Tyrnerov\u00e1, Lenka Popovsk\u00e1, Veronika \u0160varcov\u00e1 a Ivana Hod\u017eov\u00e1 p\u0159ed\u00e1vali z\u00e1v\u011bre\u010dn\u00e1 [&hellip;]<\/p>\n","protected":false},"author":1,"featured_media":0,"comment_status":"closed","ping_status":"closed","sticky":false,"template":"","format":"standard","meta":{"ngg_post_thumbnail":0,"footnotes":""},"categories":[1],"tags":[],"class_list":["post-86415","post","type-post","status-publish","format-standard","hentry","category-aktuality"],"_links":{"self":[{"href":"https:\/\/www.zsben.cz\/wordpress\/index.php?rest_route=\/wp\/v2\/posts\/86415","targetHints":{"allow":["GET"]}}],"collection":[{"href":"https:\/\/www.zsben.cz\/wordpress\/index.php?rest_route=\/wp\/v2\/posts"}],"about":[{"href":"https:\/\/www.zsben.cz\/wordpress\/index.php?rest_route=\/wp\/v2\/types\/post"}],"author":[{"embeddable":true,"href":"https:\/\/www.zsben.cz\/wordpress\/index.php?rest_route=\/wp\/v2\/users\/1"}],"replies":[{"embeddable":true,"href":"https:\/\/www.zsben.cz\/wordpress\/index.php?rest_route=%2Fwp%2Fv2%2Fcomments&post=86415"}],"version-history":[{"count":2,"href":"https:\/\/www.zsben.cz\/wordpress\/index.php?rest_route=\/wp\/v2\/posts\/86415\/revisions"}],"predecessor-version":[{"id":86671,"href":"https:\/\/www.zsben.cz\/wordpress\/index.php?rest_route=\/wp\/v2\/posts\/86415\/revisions\/86671"}],"wp:attachment":[{"href":"https:\/\/www.zsben.cz\/wordpress\/index.php?rest_route=%2Fwp%2Fv2%2Fmedia&parent=86415"}],"wp:term":[{"taxonomy":"category","embeddable":true,"href":"https:\/\/www.zsben.cz\/wordpress\/index.php?rest_route=%2Fwp%2Fv2%2Fcategories&post=86415"},{"taxonomy":"post_tag","embeddable":true,"href":"https:\/\/www.zsben.cz\/wordpress\/index.php?rest_route=%2Fwp%2Fv2%2Ftags&post=86415"}],"curies":[{"name":"wp","href":"https:\/\/api.w.org\/{rel}","templated":true}]}}