{"id":84670,"date":"2021-03-03T20:01:04","date_gmt":"2021-03-03T19:01:04","guid":{"rendered":"https:\/\/www.zsben.cz\/wordpress\/?p=84670"},"modified":"2021-03-03T20:01:04","modified_gmt":"2021-03-03T19:01:04","slug":"co-nabizi-pripravna-trida","status":"publish","type":"post","link":"https:\/\/www.zsben.cz\/wordpress\/?p=84670","title":{"rendered":"Co nab\u00edz\u00ed p\u0159\u00edpravn\u00e1 t\u0159\u00edda?"},"content":{"rendered":"<p>Ve \u0161koln\u00edm roce 2021\/2022 se pl\u00e1nuje otev\u0159en\u00ed p\u0159\u00edpravn\u00e9 t\u0159\u00eddy od 1. z\u00e1\u0159\u00ed 2021.<\/p>\n<p><strong><u>CO NAB\u00cdZ\u00cd P\u0158\u00cdPRAVN\u00c1 T\u0158\u00cdDA? <\/u><\/strong><\/p>\n<ul>\n<li>v\u00fduka prob\u00edh\u00e1 denn\u011b v d\u00e9lce \u010dty\u0159 vyu\u010dovac\u00edch hodin, tj. od 8:00 do 11:40 hodin<\/li>\n<li>d\u011btem bude k dispozici stravov\u00e1n\u00ed ve&nbsp; \u0161koln\u00ed j\u00eddeln\u011b a dopoledn\u00ed sva\u010dina, po dohod\u011b i pobyt ve \u0161koln\u00ed dru\u017ein\u011b, kter\u00e1 je otev\u0159ena v dob\u011b od 6:30 do 17:00 hodin<\/li>\n<li>doch\u00e1zka do p\u0159\u00edpravn\u00e9 t\u0159\u00eddy je <strong>bezplatn\u00e1<\/strong> a nezapo\u010d\u00edt\u00e1v\u00e1 se <strong>do povinn\u00e9 \u0161koln\u00ed doch\u00e1zky<\/strong><\/li>\n<li>d\u011bti jsou v p\u00e9\u010di <strong>kvalifikovan\u00e9ho&nbsp; pedagoga<\/strong><\/li>\n<li>velkou v\u00fdhodou je <strong>sn\u00ed\u017een\u00fd po\u010det d\u011bt\u00ed <\/strong>v kolektivu (max. 15 d\u011bt\u00ed), co\u017e umo\u017e\u0148uje pracovat s \u017e\u00e1ky individu\u00e1ln\u011b a plnit tak jejich osobn\u00ed pl\u00e1ny sestaven\u00e9 na z\u00e1klad\u011b vy\u0161et\u0159en\u00ed pedagogicko-psychologick\u00e9 poradny nebo &nbsp;speci\u00e1ln\u00edho pedagogick\u00e9ho centra<\/li>\n<li>spole\u010dn\u011b s \u017e\u00e1ky prvn\u00edho stupn\u011b se \u00fa\u010dastn\u00ed kulturn\u00edch a sportovn\u00edch akc\u00ed, v\u00fdlet\u016f atd.<\/li>\n<\/ul>\n<p>&nbsp;<\/p>\n<p><strong><u>JAK\u00dd JE V\u00ddCHOVN\u00dd A VZD\u011aL\u00c1VAC\u00cd OBSAH P\u0158\u00cdPRAVN\u00c9 T\u0158\u00cdDY? <\/u><\/strong><\/p>\n<ul>\n<li>vytv\u00e1\u0159en\u00ed kulturn\u011b soci\u00e1ln\u00edch a hygienick\u00fdch n\u00e1vyk\u016f<\/li>\n<li>rozumov\u00e1 v\u00fdchova (rozd\u011blen\u00e1 na oblast jazykovou a komunikativn\u00ed, oblast matematick\u00fdch p\u0159edstav a oblast rozvoje pozn\u00e1n\u00ed)<\/li>\n<li>hudebn\u00ed v\u00fdchova<\/li>\n<li>v\u00fdtvarn\u00e1 v\u00fdchova<\/li>\n<li>pracovn\u00ed v\u00fdchova<\/li>\n<li>t\u011blesn\u00e1 v\u00fdchova<\/li>\n<\/ul>\n<p><strong><u>CO JE T\u0158EBA UD\u011aLAT, POKUD BUDETE M\u00cdT Z\u00c1JEM O VZD\u011aL\u00c1V\u00c1N\u00cd V&nbsp;P\u0158\u00cdPRAVN\u00c9 T\u0158\u00cdD\u011a?<\/u><\/strong><\/p>\n<p><strong>Ve\u0161ker\u00e9 informace obdr\u017e\u00edte na Z\u0160 Bene\u0161ov, Dukelsk\u00e1 1818 <\/strong><\/p>\n<p><strong>Tel.: 317765121,&nbsp; 317765113, 731162199<\/strong><\/p>\n<p><a href=\"http:\/\/www.zsben.cz\">www.zsben.cz<\/a><\/p>\n<p>email: prochazkova@zsben.cz<\/p>\n<p>&nbsp;<\/p>\n<div class=\"fcbkbttn_buttons_block\" id=\"fcbkbttn_left\"><div class=\"fcbkbttn_like \"><div class=\"fb-like fb-like-button_count\" data-href=\"https:\/\/www.zsben.cz\/wordpress\/?p=84670\" data-colorscheme=\"light\" data-layout=\"button_count\" data-action=\"like\"  data-size=\"small\"><\/div><\/div><div class=\"fb-share-button  \" data-href=\"https:\/\/www.zsben.cz\/wordpress\/?p=84670\" data-type=\"button_count\" data-size=\"small\"><\/div><\/div>","protected":false},"excerpt":{"rendered":"<p>Ve \u0161koln\u00edm roce 2021\/2022 se pl\u00e1nuje otev\u0159en\u00ed p\u0159\u00edpravn\u00e9 t\u0159\u00eddy od 1. z\u00e1\u0159\u00ed 2021. CO NAB\u00cdZ\u00cd P\u0158\u00cdPRAVN\u00c1 T\u0158\u00cdDA? v\u00fduka prob\u00edh\u00e1 denn\u011b v d\u00e9lce \u010dty\u0159 vyu\u010dovac\u00edch hodin, tj. od 8:00 do 11:40 hodin d\u011btem bude k dispozici stravov\u00e1n\u00ed ve&nbsp; \u0161koln\u00ed j\u00eddeln\u011b a dopoledn\u00ed sva\u010dina, po dohod\u011b i pobyt ve \u0161koln\u00ed dru\u017ein\u011b, kter\u00e1 je otev\u0159ena v dob\u011b od [&hellip;]<\/p>\n","protected":false},"author":13,"featured_media":0,"comment_status":"closed","ping_status":"closed","sticky":false,"template":"","format":"standard","meta":{"ngg_post_thumbnail":0,"footnotes":""},"categories":[23],"tags":[],"class_list":["post-84670","post","type-post","status-publish","format-standard","hentry","category-novinky"],"_links":{"self":[{"href":"https:\/\/www.zsben.cz\/wordpress\/index.php?rest_route=\/wp\/v2\/posts\/84670","targetHints":{"allow":["GET"]}}],"collection":[{"href":"https:\/\/www.zsben.cz\/wordpress\/index.php?rest_route=\/wp\/v2\/posts"}],"about":[{"href":"https:\/\/www.zsben.cz\/wordpress\/index.php?rest_route=\/wp\/v2\/types\/post"}],"author":[{"embeddable":true,"href":"https:\/\/www.zsben.cz\/wordpress\/index.php?rest_route=\/wp\/v2\/users\/13"}],"replies":[{"embeddable":true,"href":"https:\/\/www.zsben.cz\/wordpress\/index.php?rest_route=%2Fwp%2Fv2%2Fcomments&post=84670"}],"version-history":[{"count":2,"href":"https:\/\/www.zsben.cz\/wordpress\/index.php?rest_route=\/wp\/v2\/posts\/84670\/revisions"}],"predecessor-version":[{"id":84672,"href":"https:\/\/www.zsben.cz\/wordpress\/index.php?rest_route=\/wp\/v2\/posts\/84670\/revisions\/84672"}],"wp:attachment":[{"href":"https:\/\/www.zsben.cz\/wordpress\/index.php?rest_route=%2Fwp%2Fv2%2Fmedia&parent=84670"}],"wp:term":[{"taxonomy":"category","embeddable":true,"href":"https:\/\/www.zsben.cz\/wordpress\/index.php?rest_route=%2Fwp%2Fv2%2Fcategories&post=84670"},{"taxonomy":"post_tag","embeddable":true,"href":"https:\/\/www.zsben.cz\/wordpress\/index.php?rest_route=%2Fwp%2Fv2%2Ftags&post=84670"}],"curies":[{"name":"wp","href":"https:\/\/api.w.org\/{rel}","templated":true}]}}