{"id":84631,"date":"2021-02-27T15:17:07","date_gmt":"2021-02-27T14:17:07","guid":{"rendered":"https:\/\/www.zsben.cz\/wordpress\/?p=84631"},"modified":"2021-03-24T06:42:15","modified_gmt":"2021-03-24T05:42:15","slug":"zajisteni-stravovani-od-1-brezna-2021","status":"publish","type":"post","link":"https:\/\/www.zsben.cz\/wordpress\/?p=84631","title":{"rendered":"Zaji\u0161t\u011bn\u00ed stravov\u00e1n\u00ed od 1. b\u0159ezna 2021, aktualizace od 22. 3. 2021"},"content":{"rendered":"<p>V\u00e1\u017een\u00ed rodi\u010de, \u017e\u00e1ci a kolegov\u00e9,<\/p>\n<p>vzhledem k dan\u00e9 situaci p\u0159edkl\u00e1d\u00e1m harmonogram \u0161koln\u00edho stravov\u00e1n\u00ed v dob\u011b od 1. b\u0159ezna do 21. b\u0159ezna 2021 pro \u017e\u00e1ky a zam\u011bstnance \u0161koly. (za dotovanou cenu)<\/p>\n<p><strong>&nbsp;<\/strong><strong><u>V\u00ddDEJ OB\u011aD\u016e A P\u0158IHL\u00c1\u0160EN\u00cd<\/u><\/strong><\/p>\n<p><strong>\u0160J Na Karlov\u011b (tel. 317723354) a to od 1. 3. do 5. 3. 2021;<\/strong><\/p>\n<p><strong>V\u00fddej &#8211;<\/strong> v\u00fddejn\u00ed ok\u00e9nko 11:00- 13:00 &nbsp;<\/p>\n<p><strong>https:\/\/www.jidelnakarlov.cz<\/strong><strong><br \/>\n<\/strong><\/p>\n<p><span style=\"text-decoration: underline\"><strong>P\u0159evzato z&nbsp;webov\u00fdch str\u00e1nek \u0160J Na Karlov\u011b:<\/strong><\/span><\/p>\n<p><strong>Pros\u00edme v\u0161echny str\u00e1vn\u00edky, kte\u0159\u00ed nejsou v t\u00e9to j\u00eddeln\u011b nahl\u00e1\u0161eni na ob\u011bd od pond\u011bl\u00ed 1. 3. 2021, aby tak u\u010dinili nejl\u00e9pe do ned\u011ble 28. 2. 2021 do 20:00 hod a to bu\u010f emailem: sjkarlov@seznam.cz a nebo prost\u0159ednictv\u00edm telefonu \u010di sms na \u010d\u00edsle 736 181 082.<\/strong><strong><br \/>\n<\/strong><strong>Do emailu \u010di sms pros\u00edm v\u017edy uve\u010fte jm\u00e9no, j\u00eddelnu \u010di \u0161kolu, ze kter\u00e9 jste a p\u0159\u00edpadn\u011b i t\u0159\u00eddu.<\/strong><strong><\/p>\n<p><\/strong><\/p>\n<p><strong>\u0160J Dukelsk\u00e1 (tel. 317723354)&nbsp; od 8. 3. do 12. 3. 2021;<\/strong><\/p>\n<p><strong>V\u00fddej &#8211;<\/strong> vyd\u00e1v\u00e1 stravu u vchodov\u00fdch dve\u0159\u00ed j\u00eddelny od 11:00- 13:00 ,<\/p>\n<p><strong>https:\/\/www.sjdukelska.cz\/<\/strong><strong><\/p>\n<p><\/strong><\/p>\n<p><strong>\u0160J Jir\u00e1skova (tel. 317722679) od 15. 3. do 19. 3. 2021.<\/strong><strong><br \/>\n<\/strong><strong>V\u00fddej &#8211;<\/strong> v\u00fddejn\u00ed ok\u00e9nko z&nbsp;ulice 11:00-13:00 &nbsp;<\/p>\n<p><strong>http:\/\/www.sjbnjiraskova.cz\/<\/strong><strong><\/p>\n<p><\/strong><\/p>\n<p><u>Aktualizace k 22. 3. 2021<\/u><\/p>\n<p><strong><b>V p\u0159\u00edpad\u011b del\u0161\u00edho p\u0159etrv\u00e1n\u00ed st\u00e1vaj\u00edc\u00ed situace by \u0161koln\u00ed j\u00eddelna Na Karlov\u011b op\u011bt va\u0159ila pro v\u0161echny str\u00e1vn\u00edky od 22.3.2021.<\/b><\/strong><\/p>\n<p><strong>V dal\u0161\u00edch t\u00fddnech se \u0161koln\u00ed j\u00eddelny pravideln\u011b st\u0159\u00eddaj\u00ed a\u017e do odvol\u00e1n\u00ed.<\/strong><\/p>\n<div class=\"fcbkbttn_buttons_block\" id=\"fcbkbttn_left\"><div class=\"fcbkbttn_like \"><div class=\"fb-like fb-like-button_count\" data-href=\"https:\/\/www.zsben.cz\/wordpress\/?p=84631\" data-colorscheme=\"light\" data-layout=\"button_count\" data-action=\"like\"  data-size=\"small\"><\/div><\/div><div class=\"fb-share-button  \" data-href=\"https:\/\/www.zsben.cz\/wordpress\/?p=84631\" data-type=\"button_count\" data-size=\"small\"><\/div><\/div>","protected":false},"excerpt":{"rendered":"<p>V\u00e1\u017een\u00ed rodi\u010de, \u017e\u00e1ci a kolegov\u00e9, vzhledem k dan\u00e9 situaci p\u0159edkl\u00e1d\u00e1m harmonogram \u0161koln\u00edho stravov\u00e1n\u00ed v dob\u011b od 1. b\u0159ezna do 21. b\u0159ezna 2021 pro \u017e\u00e1ky a zam\u011bstnance \u0161koly. (za dotovanou cenu) &nbsp;V\u00ddDEJ OB\u011aD\u016e A P\u0158IHL\u00c1\u0160EN\u00cd \u0160J Na Karlov\u011b (tel. 317723354) a to od 1. 3. do 5. 3. 2021; V\u00fddej &#8211; v\u00fddejn\u00ed ok\u00e9nko 11:00- 13:00 &nbsp; [&hellip;]<\/p>\n","protected":false},"author":13,"featured_media":0,"comment_status":"closed","ping_status":"closed","sticky":false,"template":"","format":"standard","meta":{"ngg_post_thumbnail":0,"footnotes":""},"categories":[1,29],"tags":[],"class_list":["post-84631","post","type-post","status-publish","format-standard","hentry","category-aktuality","category-covid-19"],"_links":{"self":[{"href":"https:\/\/www.zsben.cz\/wordpress\/index.php?rest_route=\/wp\/v2\/posts\/84631","targetHints":{"allow":["GET"]}}],"collection":[{"href":"https:\/\/www.zsben.cz\/wordpress\/index.php?rest_route=\/wp\/v2\/posts"}],"about":[{"href":"https:\/\/www.zsben.cz\/wordpress\/index.php?rest_route=\/wp\/v2\/types\/post"}],"author":[{"embeddable":true,"href":"https:\/\/www.zsben.cz\/wordpress\/index.php?rest_route=\/wp\/v2\/users\/13"}],"replies":[{"embeddable":true,"href":"https:\/\/www.zsben.cz\/wordpress\/index.php?rest_route=%2Fwp%2Fv2%2Fcomments&post=84631"}],"version-history":[{"count":6,"href":"https:\/\/www.zsben.cz\/wordpress\/index.php?rest_route=\/wp\/v2\/posts\/84631\/revisions"}],"predecessor-version":[{"id":84747,"href":"https:\/\/www.zsben.cz\/wordpress\/index.php?rest_route=\/wp\/v2\/posts\/84631\/revisions\/84747"}],"wp:attachment":[{"href":"https:\/\/www.zsben.cz\/wordpress\/index.php?rest_route=%2Fwp%2Fv2%2Fmedia&parent=84631"}],"wp:term":[{"taxonomy":"category","embeddable":true,"href":"https:\/\/www.zsben.cz\/wordpress\/index.php?rest_route=%2Fwp%2Fv2%2Fcategories&post=84631"},{"taxonomy":"post_tag","embeddable":true,"href":"https:\/\/www.zsben.cz\/wordpress\/index.php?rest_route=%2Fwp%2Fv2%2Ftags&post=84631"}],"curies":[{"name":"wp","href":"https:\/\/api.w.org\/{rel}","templated":true}]}}