{"id":84629,"date":"2021-02-27T15:10:47","date_gmt":"2021-02-27T14:10:47","guid":{"rendered":"https:\/\/www.zsben.cz\/wordpress\/?p=84629"},"modified":"2021-02-27T15:10:47","modified_gmt":"2021-02-27T14:10:47","slug":"informace-k-provozu-skol-od-27-unora-2021-do-21-brezna-2021","status":"publish","type":"post","link":"https:\/\/www.zsben.cz\/wordpress\/?p=84629","title":{"rendered":"INFORMACE K PROVOZU \u0160KOL OD 27. \u00daNORA 2021 DO 21. B\u0158EZNA 2021"},"content":{"rendered":"<p><strong>(Zdroj: <\/strong><strong><a href=\"http:\/\/www.msmt.cz\">www.msmt.cz<\/a><\/strong><strong>)<\/strong><\/p>\n<p><strong>&nbsp;<\/strong><strong>Ministerstvo \u0161kolstv\u00ed, ml\u00e1de\u017ee a t\u011blov\u00fdchovy informuje, \u017ee vzhledem k&nbsp;nep\u0159\u00edzniv\u00e9 epidemiologick\u00e9 situaci vl\u00e1da \u010cR dne 26. \u00fanora 2021 p\u0159ijala krizov\u00e9 opat\u0159en\u00ed \u010d. 200 (dostupn\u00e9&nbsp;<\/strong><strong><u><a href=\"https:\/\/apps.odok.cz\/attachment\/-\/down\/IHOABYLUNSGM\">ZDE<\/a><\/u><\/strong><strong>), kter\u00fdm se nad r\u00e1mec dosavadn\u00edch opat\u0159en\u00ed:&nbsp;<\/strong><\/p>\n<p><strong>ZAKAZUJE OSOBN\u00cd P\u0158\u00cdTOMNOST<\/strong>:<\/p>\n<ul>\n<li>d\u011bt\u00ed v&nbsp;p\u0159\u00edpravn\u00e9 t\u0159\u00edd\u011b<\/li>\n<li>\u017e\u00e1k\u016f 1. a 2. ro\u010dn\u00edk\u016f z\u00e1kladn\u00ed \u0161koly<\/li>\n<\/ul>\n<p>Z\u00e1kladn\u00ed \u0161koly poskytuj\u00ed d\u011btem nebo \u017e\u00e1k\u016fm vzd\u011bl\u00e1v\u00e1n\u00ed distan\u010dn\u00edm zp\u016fsobem. Mate\u0159sk\u00e1 \u0161kola\/p\u0159\u00edpravn\u00e1 t\u0159\u00edda poskytuje vzd\u011bl\u00e1v\u00e1n\u00ed distan\u010dn\u00edm zp\u016fsobem d\u011btem, pro kter\u00e9 je p\u0159ed\u0161koln\u00ed vzd\u011bl\u00e1v\u00e1n\u00ed povinn\u00e9. Metodika ke vzd\u011bl\u00e1v\u00e1n\u00ed d\u011bt\u00ed distan\u010dn\u00edm zp\u016fsobem bude mate\u0159sk\u00fdm \u0161kol\u00e1m zasl\u00e1na za\u010d\u00e1tkem p\u0159\u00ed\u0161t\u00edho t\u00fddne.<\/p>\n<p>D\u011btem ve v\u011bku od 2 do 10 let, jejich\u017e z\u00e1konn\u00ed z\u00e1stupci jsou pracovn\u00edky vybran\u00fdch profes\u00ed nezbytn\u00fdch pro chod st\u00e1tu, m\u016f\u017ee b\u00fdt poskytov\u00e1na p\u00e9\u010de v&nbsp;ur\u010den\u00fdch \u0161kol\u00e1ch a \u0161kolsk\u00fdch za\u0159\u00edzen\u00edch,&nbsp;<strong>viz krizov\u00e9 opat\u0159en\u00ed \u010d.&nbsp;212 ze dne 26. \u00fanora 2021 (dostupn\u00e9&nbsp;<\/strong><strong><u><a href=\"https:\/\/apps.odok.cz\/attachment\/-\/down\/IHOABYLUPJD3\">ZDE<\/a><\/u><\/strong><strong>).<\/strong><\/p>\n<p><strong>O\u0160ET\u0158OVN\u00c9:<\/strong>&nbsp;informace pro rodi\u010de zde:&nbsp;<strong><a href=\"https:\/\/www.cssz.cz\/web\/cz\/aktualni-informace-k-osetrovnemu\">https:\/\/www.cssz.cz\/web\/cz\/aktualni-informace-k-osetrovnemu<\/a><\/strong>. Podle nov\u00fdch pravidel \u0161kola ji\u017e nevypl\u0148uje \u017e\u00e1dn\u00e9 potvrzen\u00ed.<\/p>\n<p><strong>I NAD\u00c1LE JE POVOLENA P\u0158\u00cdTOMNOST:<\/strong><\/p>\n<ul>\n<li>p\u0159i individu\u00e1ln\u00edch konzultac\u00edch d\u011bt\u00ed, \u017e\u00e1k\u016f v z\u00e1kladn\u00edm vzd\u011bl\u00e1v\u00e1n\u00ed a \u017e\u00e1k\u016f a student\u016f ve st\u0159edn\u00edm a&nbsp;vy\u0161\u0161\u00edm odborn\u00e9m vzd\u011bl\u00e1v\u00e1n\u00ed&nbsp;<\/li>\n<\/ul>\n<p>&nbsp;<\/p>\n<p><strong>&nbsp;<\/strong><\/p>\n<p><strong>&nbsp;<\/strong><\/p>\n<p><strong>&nbsp;<\/strong><\/p>\n<div class=\"fcbkbttn_buttons_block\" id=\"fcbkbttn_left\"><div class=\"fcbkbttn_like \"><div class=\"fb-like fb-like-button_count\" data-href=\"https:\/\/www.zsben.cz\/wordpress\/?p=84629\" data-colorscheme=\"light\" data-layout=\"button_count\" data-action=\"like\"  data-size=\"small\"><\/div><\/div><div class=\"fb-share-button  \" data-href=\"https:\/\/www.zsben.cz\/wordpress\/?p=84629\" data-type=\"button_count\" data-size=\"small\"><\/div><\/div>","protected":false},"excerpt":{"rendered":"<p>(Zdroj: www.msmt.cz) &nbsp;Ministerstvo \u0161kolstv\u00ed, ml\u00e1de\u017ee a t\u011blov\u00fdchovy informuje, \u017ee vzhledem k&nbsp;nep\u0159\u00edzniv\u00e9 epidemiologick\u00e9 situaci vl\u00e1da \u010cR dne 26. \u00fanora 2021 p\u0159ijala krizov\u00e9 opat\u0159en\u00ed \u010d. 200 (dostupn\u00e9&nbsp;ZDE), kter\u00fdm se nad r\u00e1mec dosavadn\u00edch opat\u0159en\u00ed:&nbsp; ZAKAZUJE OSOBN\u00cd P\u0158\u00cdTOMNOST: d\u011bt\u00ed v&nbsp;p\u0159\u00edpravn\u00e9 t\u0159\u00edd\u011b \u017e\u00e1k\u016f 1. a 2. ro\u010dn\u00edk\u016f z\u00e1kladn\u00ed \u0161koly Z\u00e1kladn\u00ed \u0161koly poskytuj\u00ed d\u011btem nebo \u017e\u00e1k\u016fm vzd\u011bl\u00e1v\u00e1n\u00ed distan\u010dn\u00edm zp\u016fsobem. Mate\u0159sk\u00e1 \u0161kola\/p\u0159\u00edpravn\u00e1 [&hellip;]<\/p>\n","protected":false},"author":13,"featured_media":0,"comment_status":"closed","ping_status":"closed","sticky":false,"template":"","format":"standard","meta":{"ngg_post_thumbnail":0,"footnotes":""},"categories":[1,29],"tags":[],"class_list":["post-84629","post","type-post","status-publish","format-standard","hentry","category-aktuality","category-covid-19"],"_links":{"self":[{"href":"https:\/\/www.zsben.cz\/wordpress\/index.php?rest_route=\/wp\/v2\/posts\/84629","targetHints":{"allow":["GET"]}}],"collection":[{"href":"https:\/\/www.zsben.cz\/wordpress\/index.php?rest_route=\/wp\/v2\/posts"}],"about":[{"href":"https:\/\/www.zsben.cz\/wordpress\/index.php?rest_route=\/wp\/v2\/types\/post"}],"author":[{"embeddable":true,"href":"https:\/\/www.zsben.cz\/wordpress\/index.php?rest_route=\/wp\/v2\/users\/13"}],"replies":[{"embeddable":true,"href":"https:\/\/www.zsben.cz\/wordpress\/index.php?rest_route=%2Fwp%2Fv2%2Fcomments&post=84629"}],"version-history":[{"count":1,"href":"https:\/\/www.zsben.cz\/wordpress\/index.php?rest_route=\/wp\/v2\/posts\/84629\/revisions"}],"predecessor-version":[{"id":84630,"href":"https:\/\/www.zsben.cz\/wordpress\/index.php?rest_route=\/wp\/v2\/posts\/84629\/revisions\/84630"}],"wp:attachment":[{"href":"https:\/\/www.zsben.cz\/wordpress\/index.php?rest_route=%2Fwp%2Fv2%2Fmedia&parent=84629"}],"wp:term":[{"taxonomy":"category","embeddable":true,"href":"https:\/\/www.zsben.cz\/wordpress\/index.php?rest_route=%2Fwp%2Fv2%2Fcategories&post=84629"},{"taxonomy":"post_tag","embeddable":true,"href":"https:\/\/www.zsben.cz\/wordpress\/index.php?rest_route=%2Fwp%2Fv2%2Ftags&post=84629"}],"curies":[{"name":"wp","href":"https:\/\/api.w.org\/{rel}","templated":true}]}}