{"id":84626,"date":"2021-02-24T13:41:18","date_gmt":"2021-02-24T12:41:18","guid":{"rendered":"https:\/\/www.zsben.cz\/wordpress\/?p=84626"},"modified":"2021-02-24T13:45:12","modified_gmt":"2021-02-24T12:45:12","slug":"mimoradna-opatreni-od-25-5-2021","status":"publish","type":"post","link":"https:\/\/www.zsben.cz\/wordpress\/?p=84626","title":{"rendered":"Mimo\u0159\u00e1dn\u00e1 opat\u0159en\u00ed od 25. 2. 2021"},"content":{"rendered":"<p>V\u00e1\u017een\u00ed rodi\u010de, \u017e\u00e1ci a kolegov\u00e9,<\/p>\n<p><strong>Od \u010dtvrtka 25. 2. 2021 vstupuje v&nbsp;platnost nov\u00e9 mimo\u0159\u00e1dn\u00e9 opat\u0159en\u00ed<\/strong> ohledn\u011b povinnosti nosit ochrann\u00e9 prost\u0159edky ve v\u0161ech vnit\u0159n\u00edch prostor\u00e1ch \u0161koly dle n\u00e1sleduj\u00edc\u00ed specifikace:<\/p>\n<ul>\n<li><strong>respir\u00e1tor nebo obdobn\u00fd prost\u0159edek <\/strong>(v\u017edy bez v\u00fddechov\u00e9ho ventilu) napl\u0148uj\u00edc\u00ed minim\u00e1ln\u011b v\u0161echny technick\u00e9 podm\u00ednky a po\u017eadavky (pro v\u00fdrobek), v\u010detn\u011b filtra\u010dn\u00ed \u00fa\u010dinnosti alespo\u0148 95 % dle p\u0159\u00edslu\u0161n\u00fdch norem (nap\u0159. FFP2\/KN 95),<\/li>\n<li><strong>zdravotnick\u00e1 obli\u010dejov\u00e1 maska nebo obdobn\u00fd prost\u0159edek <\/strong>napl\u0148uj\u00edc\u00ed minim\u00e1ln\u011b v\u0161echny technick\u00e9 podm\u00ednky a po\u017eadavky (pro v\u00fdrobek) normy \u010cSN EN 14683+AC,<\/li>\n<\/ul>\n<p>Pozn\u00e1mka: v&nbsp;obdob\u00ed od 25. 2. do 28. 2. 2021 lze pou\u017e\u00edvat i jin\u00fd ochrann\u00fd prost\u0159edek d\u00fdchac\u00edch cest, kter\u00fd br\u00e1n\u00ed \u0161\u00ed\u0159en\u00ed kap\u00e9nek.<\/p>\n<p><strong>Plat\u00ed pro v\u0161echny zam\u011bstnance \u0161koly, \u017e\u00e1ky 1. a 2. t\u0159\u00edd, kte\u0159\u00ed chod\u00ed prezen\u010dn\u011b do \u0161koly, pro \u017e\u00e1ky, rodi\u010de a n\u00e1v\u0161t\u011bvn\u00edky \u0161koly, kte\u0159\u00ed p\u0159ich\u00e1zej\u00ed nap\u0159. na individu\u00e1ln\u00ed konzultace \u010di pro ob\u011bdy do \u0161koln\u00ed j\u00eddelny.<\/strong><\/p>\n<p>Aktu\u00e1ln\u00ed informace s&nbsp;cel\u00fdm zn\u011bn\u00edm mimo\u0159\u00e1dn\u00fdch opat\u0159en\u00ed jsou k dispozici na str\u00e1nk\u00e1ch Ministerstva zdravotnictv\u00ed \u010cR <a href=\"https:\/\/koronavirus.mzcr.cz\/category\/mimoradna-opatreni\/\">https:\/\/koronavirus.mzcr.cz\/category\/mimoradna-opatreni\/<\/a><\/p>\n<p>D\u011bkuji v\u0161em za dodr\u017eov\u00e1n\u00ed v\u0161ech hygienick\u00fdch pravidel a vz\u00e1jemnou ohleduplnost.<\/p>\n<p>S&nbsp;pozdravem<\/p>\n<p>PaedDr. Hana Proch\u00e1zkov\u00e1, \u0159editelka \u0161koly<\/p>\n<p>V&nbsp;Bene\u0161ov\u011b dne 24. 2. 2021<\/p>\n<div class=\"fcbkbttn_buttons_block\" id=\"fcbkbttn_left\"><div class=\"fcbkbttn_like \"><div class=\"fb-like fb-like-button_count\" data-href=\"https:\/\/www.zsben.cz\/wordpress\/?p=84626\" data-colorscheme=\"light\" data-layout=\"button_count\" data-action=\"like\"  data-size=\"small\"><\/div><\/div><div class=\"fb-share-button  \" data-href=\"https:\/\/www.zsben.cz\/wordpress\/?p=84626\" data-type=\"button_count\" data-size=\"small\"><\/div><\/div>","protected":false},"excerpt":{"rendered":"<p>V\u00e1\u017een\u00ed rodi\u010de, \u017e\u00e1ci a kolegov\u00e9, Od \u010dtvrtka 25. 2. 2021 vstupuje v&nbsp;platnost nov\u00e9 mimo\u0159\u00e1dn\u00e9 opat\u0159en\u00ed ohledn\u011b povinnosti nosit ochrann\u00e9 prost\u0159edky ve v\u0161ech vnit\u0159n\u00edch prostor\u00e1ch \u0161koly dle n\u00e1sleduj\u00edc\u00ed specifikace: respir\u00e1tor nebo obdobn\u00fd prost\u0159edek (v\u017edy bez v\u00fddechov\u00e9ho ventilu) napl\u0148uj\u00edc\u00ed minim\u00e1ln\u011b v\u0161echny technick\u00e9 podm\u00ednky a po\u017eadavky (pro v\u00fdrobek), v\u010detn\u011b filtra\u010dn\u00ed \u00fa\u010dinnosti alespo\u0148 95 % dle p\u0159\u00edslu\u0161n\u00fdch norem (nap\u0159. [&hellip;]<\/p>\n","protected":false},"author":13,"featured_media":0,"comment_status":"closed","ping_status":"closed","sticky":false,"template":"","format":"standard","meta":{"ngg_post_thumbnail":0,"footnotes":""},"categories":[1,29,23],"tags":[],"class_list":["post-84626","post","type-post","status-publish","format-standard","hentry","category-aktuality","category-covid-19","category-novinky"],"_links":{"self":[{"href":"https:\/\/www.zsben.cz\/wordpress\/index.php?rest_route=\/wp\/v2\/posts\/84626","targetHints":{"allow":["GET"]}}],"collection":[{"href":"https:\/\/www.zsben.cz\/wordpress\/index.php?rest_route=\/wp\/v2\/posts"}],"about":[{"href":"https:\/\/www.zsben.cz\/wordpress\/index.php?rest_route=\/wp\/v2\/types\/post"}],"author":[{"embeddable":true,"href":"https:\/\/www.zsben.cz\/wordpress\/index.php?rest_route=\/wp\/v2\/users\/13"}],"replies":[{"embeddable":true,"href":"https:\/\/www.zsben.cz\/wordpress\/index.php?rest_route=%2Fwp%2Fv2%2Fcomments&post=84626"}],"version-history":[{"count":2,"href":"https:\/\/www.zsben.cz\/wordpress\/index.php?rest_route=\/wp\/v2\/posts\/84626\/revisions"}],"predecessor-version":[{"id":84628,"href":"https:\/\/www.zsben.cz\/wordpress\/index.php?rest_route=\/wp\/v2\/posts\/84626\/revisions\/84628"}],"wp:attachment":[{"href":"https:\/\/www.zsben.cz\/wordpress\/index.php?rest_route=%2Fwp%2Fv2%2Fmedia&parent=84626"}],"wp:term":[{"taxonomy":"category","embeddable":true,"href":"https:\/\/www.zsben.cz\/wordpress\/index.php?rest_route=%2Fwp%2Fv2%2Fcategories&post=84626"},{"taxonomy":"post_tag","embeddable":true,"href":"https:\/\/www.zsben.cz\/wordpress\/index.php?rest_route=%2Fwp%2Fv2%2Ftags&post=84626"}],"curies":[{"name":"wp","href":"https:\/\/api.w.org\/{rel}","templated":true}]}}