{"id":84488,"date":"2021-01-23T09:28:14","date_gmt":"2021-01-23T08:28:14","guid":{"rendered":"https:\/\/www.zsben.cz\/wordpress\/?p=84488"},"modified":"2021-01-23T09:28:14","modified_gmt":"2021-01-23T08:28:14","slug":"informace-k-provozu-skol-a-skolskych-zarizeni-v-tydnu-od-25-ledna-2021","status":"publish","type":"post","link":"https:\/\/www.zsben.cz\/wordpress\/?p=84488","title":{"rendered":"INFORMACE K PROVOZU \u0160KOL A \u0160KOLSK\u00ddCH ZA\u0158\u00cdZEN\u00cd V T\u00ddDNU OD 25. LEDNA 2021"},"content":{"rendered":"<p><strong>Ministerstvo \u0161kolstv\u00ed, ml\u00e1de\u017ee a t\u011blov\u00fdchovy informuje, \u017ee v n\u00e1vaznosti na prodlou\u017een\u00ed nouzov\u00e9ho stavu Poslaneckou sn\u011bmovnou Parlamentu \u010cesk\u00e9 republiky byla dne 22. ledna 2021 vl\u00e1dou \u010cesk\u00e9 republiky prodlou\u017eena krizov\u00e1 opat\u0159en\u00ed pro oblast \u0161kolstv\u00ed, provoz \u0161kol a \u0161kolsk\u00fdch za\u0159\u00edzen\u00ed v t\u00fddnu od 25. ledna 2021 i nad\u00e1le prob\u00edh\u00e1 ve stejn\u00e9m re\u017eimu jako dosud.<\/strong><\/p>\n<p><strong>O p\u0159\u00edpadn\u00fdch \u00faprav\u00e1ch provozu \u0161kol a \u0161kolsk\u00fdch za\u0159\u00edzen\u00ed od 1. \u00fanora 2021 rozhodne vl\u00e1da \u010cesk\u00e9 republiky ve st\u0159edu 27. ledna 2021.<\/strong><\/p>\n<div class=\"fcbkbttn_buttons_block\" id=\"fcbkbttn_left\"><div class=\"fcbkbttn_like \"><div class=\"fb-like fb-like-button_count\" data-href=\"https:\/\/www.zsben.cz\/wordpress\/?p=84488\" data-colorscheme=\"light\" data-layout=\"button_count\" data-action=\"like\"  data-size=\"small\"><\/div><\/div><div class=\"fb-share-button  \" data-href=\"https:\/\/www.zsben.cz\/wordpress\/?p=84488\" data-type=\"button_count\" data-size=\"small\"><\/div><\/div>","protected":false},"excerpt":{"rendered":"<p>Ministerstvo \u0161kolstv\u00ed, ml\u00e1de\u017ee a t\u011blov\u00fdchovy informuje, \u017ee v n\u00e1vaznosti na prodlou\u017een\u00ed nouzov\u00e9ho stavu Poslaneckou sn\u011bmovnou Parlamentu \u010cesk\u00e9 republiky byla dne 22. ledna 2021 vl\u00e1dou \u010cesk\u00e9 republiky prodlou\u017eena krizov\u00e1 opat\u0159en\u00ed pro oblast \u0161kolstv\u00ed, provoz \u0161kol a \u0161kolsk\u00fdch za\u0159\u00edzen\u00ed v t\u00fddnu od 25. ledna 2021 i nad\u00e1le prob\u00edh\u00e1 ve stejn\u00e9m re\u017eimu jako dosud. O p\u0159\u00edpadn\u00fdch \u00faprav\u00e1ch provozu [&hellip;]<\/p>\n","protected":false},"author":13,"featured_media":0,"comment_status":"closed","ping_status":"closed","sticky":false,"template":"","format":"standard","meta":{"ngg_post_thumbnail":0,"footnotes":""},"categories":[29],"tags":[],"class_list":["post-84488","post","type-post","status-publish","format-standard","hentry","category-covid-19"],"_links":{"self":[{"href":"https:\/\/www.zsben.cz\/wordpress\/index.php?rest_route=\/wp\/v2\/posts\/84488","targetHints":{"allow":["GET"]}}],"collection":[{"href":"https:\/\/www.zsben.cz\/wordpress\/index.php?rest_route=\/wp\/v2\/posts"}],"about":[{"href":"https:\/\/www.zsben.cz\/wordpress\/index.php?rest_route=\/wp\/v2\/types\/post"}],"author":[{"embeddable":true,"href":"https:\/\/www.zsben.cz\/wordpress\/index.php?rest_route=\/wp\/v2\/users\/13"}],"replies":[{"embeddable":true,"href":"https:\/\/www.zsben.cz\/wordpress\/index.php?rest_route=%2Fwp%2Fv2%2Fcomments&post=84488"}],"version-history":[{"count":2,"href":"https:\/\/www.zsben.cz\/wordpress\/index.php?rest_route=\/wp\/v2\/posts\/84488\/revisions"}],"predecessor-version":[{"id":84490,"href":"https:\/\/www.zsben.cz\/wordpress\/index.php?rest_route=\/wp\/v2\/posts\/84488\/revisions\/84490"}],"wp:attachment":[{"href":"https:\/\/www.zsben.cz\/wordpress\/index.php?rest_route=%2Fwp%2Fv2%2Fmedia&parent=84488"}],"wp:term":[{"taxonomy":"category","embeddable":true,"href":"https:\/\/www.zsben.cz\/wordpress\/index.php?rest_route=%2Fwp%2Fv2%2Fcategories&post=84488"},{"taxonomy":"post_tag","embeddable":true,"href":"https:\/\/www.zsben.cz\/wordpress\/index.php?rest_route=%2Fwp%2Fv2%2Ftags&post=84488"}],"curies":[{"name":"wp","href":"https:\/\/api.w.org\/{rel}","templated":true}]}}