{"id":84186,"date":"2020-11-12T20:32:04","date_gmt":"2020-11-12T19:32:04","guid":{"rendered":"https:\/\/www.zsben.cz\/wordpress\/?p=84186"},"modified":"2020-11-17T18:33:23","modified_gmt":"2020-11-17T17:33:23","slug":"provoz-skol-od-18-11-2020","status":"publish","type":"post","link":"https:\/\/www.zsben.cz\/wordpress\/?p=84186","title":{"rendered":"Provoz \u0161kol od 18.11. 2020"},"content":{"rendered":"<p><strong>Informace k provozu \u0161kol a \u0161kolsk\u00fdch za\u0159\u00edzen\u00ed od 18. listopadu 2020<\/strong><\/p>\n<p>(na z\u00e1klad\u011b informac\u00ed M\u0160MT)<\/p>\n<p>Na provoz \u0161kol a \u0161kolsk\u00fdch za\u0159\u00edzen\u00ed se i nad\u00e1le vztahuje manu\u00e1l Provoz \u0161kol a \u0161kolsk\u00fdch za\u0159\u00edzen\u00ed ve \u0161koln\u00edm roce 2020\/2021 vzhledem ke covid-19.<\/p>\n<p>Z epidemiologick\u00e9ho pohledu je z\u00e1sadn\u00ed zejm\u00e9na pravideln\u00e9 v\u011btr\u00e1n\u00ed vnit\u0159n\u00edch prostor \u2013 v d\u00e9lce alespo\u0148 5 minut b\u011bhem p\u0159est\u00e1vek a z\u00e1rove\u0148 jednou uprost\u0159ed ka\u017ed\u00e9 vyu\u010dovac\u00ed hodiny.<\/p>\n<p>V p\u0159\u00edpad\u011b konkr\u00e9tn\u00edch mimo\u0159\u00e1dn\u00fdch situac\u00ed spojen\u00fdch s onemocn\u011bn\u00edm covid-19 je \u0161kola \u010di \u0161kolsk\u00e9 za\u0159\u00edzen\u00ed v\u017edy povinna postupovat podle pokyn\u016f krajsk\u00e9 hygienick\u00e9 stanice (KHS) a dodr\u017eovat v\u0161echna aktu\u00e1ln\u011b platn\u00e1 mimo\u0159\u00e1dn\u00e1 opat\u0159en\u00ed vyhl\u00e1\u0161en\u00e1 pro dan\u00e9 \u00fazem\u00ed p\u0159\u00edslu\u0161nou KHS nebo plo\u0161n\u011b Ministerstvem zdravotnictv\u00ed (\u010di vl\u00e1dou ve form\u011b krizov\u00fdch opat\u0159en\u00ed). V p\u0159\u00edpad\u011b, \u017ee se \u0159editelka \u0161koly dozv\u00ed o v\u00fdskytu onemocn\u011bn\u00ed covid-19 u zam\u011bstnance \u0161koly nebo \u017e\u00e1ka, kontaktuje zam\u011bstnance protiepidemick\u00e9ho odboru nebo odboru hygieny d\u011bt\u00ed a mladistv\u00fdch m\u00edstn\u011b p\u0159\u00edslu\u0161n\u00e9 KHS.<\/p>\n<p><u>Provoz z\u00e1kladn\u00edch \u0161kol <\/u><\/p>\n<p>Je povolena osobn\u00ed p\u0159\u00edtomnost:<\/p>\n<ul>\n<li>\u017e\u00e1k\u016f za\u0159azen\u00fdch do p\u0159\u00edpravn\u00e9 t\u0159\u00eddy z\u00e1kladn\u00ed \u0161koly,<\/li>\n<li>\u017e\u00e1k\u016f 1. a 2. ro\u010dn\u00edk\u016f z\u00e1kladn\u00edch \u0161kol,<\/li>\n<\/ul>\n<p>Pro tyto \u017e\u00e1ky se tedy obnovuje povinn\u00e1 prezen\u010dn\u00ed v\u00fduka.<\/p>\n<p>Pro ostatn\u00ed \u017e\u00e1ky pokra\u010duje povinn\u00e9 vzd\u011bl\u00e1v\u00e1n\u00ed distan\u010dn\u00edm zp\u016fsobem. Jsou umo\u017en\u011bny prezen\u010dn\u00ed individu\u00e1ln\u00ed konzultace ve \u0161kole (v\u017edy pouze jeden \u017e\u00e1k a jeden pedagogick\u00fd pracovn\u00edk), u kter\u00fdch m\u016f\u017ee b\u00fdt p\u0159\u00edtomen z\u00e1konn\u00fd z\u00e1stupce \u017e\u00e1ka.<\/p>\n<p>O organizaci konzultac\u00ed rozhoduje \u0159editelka \u0161koly s ohledem na vzd\u011bl\u00e1vac\u00ed pot\u0159eby \u017e\u00e1ka. Prezen\u010dn\u00ed v\u00fduka prob\u00edh\u00e1 v homogenn\u00edch skupin\u00e1ch (kolektivy jednotliv\u00fdch t\u0159\u00edd se neslu\u010duj\u00ed, ani jinak neprol\u00ednaj\u00ed).<\/p>\n<p><strong>\u017d\u00e1ci a zam\u011bstnanci \u0161koly (i dal\u0161\u00ed osoby pohybuj\u00edc\u00ed se ve \u0161kole) maj\u00ed povinnost nosit rou\u0161ky po celou dobu pobytu ve \u0161kole.<\/strong> &nbsp;<u>\u0179\u00e1ci budou m\u00edt s&nbsp;sebou 2 &#8211; 3 rou\u0161ky a 2<\/u> <u>igelitov\u00e9 s\u00e1\u010dky denn\u011b.<\/u> Je zak\u00e1z\u00e1n zp\u011bv a sportovn\u00ed \u010dinnosti p\u0159i vzd\u011bl\u00e1v\u00e1n\u00ed. Za podm\u00ednky zachov\u00e1n\u00ed homogenity skupiny je mo\u017en\u00e9 realizovat vzd\u011bl\u00e1vac\u00ed \u010dinnosti ve venkovn\u00edch prostor\u00e1ch i mimo are\u00e1l \u0161koly. Doporu\u010duje se b\u011bhem dne za\u0159adit pobyt \u017e\u00e1k\u016f na \u010derstv\u00e9m vzduchu podle mo\u017enost\u00ed \u0161koly.<\/p>\n<p><strong>Za dodr\u017een\u00ed podm\u00ednky homogenity skupiny \u017e\u00e1k\u016f jedn\u00e9 t\u0159\u00eddy je umo\u017en\u011bn provoz \u0161koln\u00ed dru\u017einy. Pan\u00ed vychovatelky z\u016fst\u00e1vaj\u00ed stejn\u00e9 jako p\u0159ed uzav\u0159en\u00edm \u0161koly.<\/strong><\/p>\n<p>&nbsp;<\/p>\n<p><u>\u0160koln\u00ed stravov\u00e1n\u00ed <\/u><\/p>\n<p>Za\u0159\u00edzen\u00ed \u0161koln\u00edho stravov\u00e1n\u00ed jsou v provozu. Provoz se \u0159\u00edd\u00ed pravidly pro provoz stravovac\u00edch slu\u017eeb, kter\u00e9 neslou\u017e\u00ed pro ve\u0159ejnost.<\/p>\n<p><strong><em>&nbsp;P\u0159i provozu \u0161koln\u00edho stravov\u00e1n\u00ed je nezbytn\u00e9 dodr\u017eet: <\/em><\/strong><\/p>\n<ul>\n<li>rozestupy 1,5 metru mezi jednotliv\u00fdmi stoly,<\/li>\n<li>maxim\u00e1ln\u00ed po\u010det osob u jednoho stolu je omezen na 4 osoby (jedn\u00e1-li se o dlouh\u00fd st\u016fl, lze u n\u011bj usadit v\u00edce osob, ale mezi skupinami 4 osob mus\u00ed b\u00fdt rozestup minim\u00e1ln\u011b 2 metry),<\/li>\n<li>ve \u0161koln\u00ed j\u00eddeln\u011b nem\u016f\u017ee b\u00fdt sou\u010dasn\u011b v\u00edce osob, ne\u017e je m\u00edst k sezen\u00ed,<\/li>\n<li>udr\u017eovat maxim\u00e1ln\u00ed mo\u017en\u00fd rozestup mezi \u017e\u00e1ky z r\u016fzn\u00fdch t\u0159\u00edd,<\/li>\n<li>ve \u0161koln\u00ed j\u00eddeln\u011b se mohou prezen\u010dn\u011b stravovat pouze \u017e\u00e1ci v prezen\u010dn\u00ed v\u00fduce a zam\u011bstnanci \u0161koly p\u0159\u00edtomn\u00ed na pracovi\u0161ti.<\/li>\n<\/ul>\n<p>Ostatn\u00ed \u017e\u00e1ci a zam\u011bstnanci \u0161koly si mohou stravu odebrat v\u00fddejn\u00edm ok\u00e9nkem ve \u0161koln\u00ed j\u00eddeln\u011b v&nbsp;dob\u011b od 13,00 &nbsp;do 14,00. Do \u0161koln\u00ed j\u00eddelny vstupujte bo\u010dn\u00edm vchodem od M\u0160. \u017d\u00e1ci maj\u00ed v dob\u011b povinn\u00e9 distan\u010dn\u00ed v\u00fduky n\u00e1rok na dotovan\u00fd ob\u011bd. \u017d\u00e1ci i zam\u011bstnanci \u0161koly maj\u00ed povinnost v prostor\u00e1ch \u0161koln\u00ed j\u00eddelny nosit rou\u0161ky, s v\u00fdjimkou doby konzumace stravy.<\/p>\n<p><span style=\"text-decoration: underline\"><strong>Upozorn\u011bn\u00ed!<\/strong><\/span><\/p>\n<p><strong>D\u011bti z p\u0159\u00edpravn\u00e9 t\u0159\u00eddy maj\u00ed ob\u011bdy od 18. 11. 2020 p\u0159ihl\u00e1\u0161en\u00e9.<\/strong> <strong>\u010cas ob\u011bda&nbsp; Po &#8211; P\u00e1&nbsp; od 11,30<\/strong><\/p>\n<p><strong>\u017d\u00e1ci 1. a 2.t\u0159\u00edd jsou na ob\u011bd od 18.11. 2020 p\u0159ihl\u00e1\u0161en\u00e9.<\/strong><\/p>\n<p>Ostatn\u00ed \u017e\u00e1ci \u0161koly a zam\u011bstnanci \u0161koly, pokud se budou stravovat ve \u0161koln\u00ed j\u00eddeln\u011b od 18.11. 2020, se na ob\u011bdy p\u0159ihl\u00e1s\u00ed sami.<\/p>\n<p>&nbsp;<\/p>\n<p>&nbsp;<\/p>\n<p>V Bene\u0161ov\u011b dne 12. 11. 2020&nbsp;&nbsp;&nbsp;&nbsp;&nbsp;&nbsp;&nbsp;&nbsp;&nbsp;&nbsp;&nbsp;&nbsp;&nbsp;&nbsp;&nbsp;&nbsp;&nbsp;&nbsp;&nbsp;&nbsp;&nbsp;&nbsp;&nbsp;&nbsp;&nbsp;&nbsp;&nbsp;&nbsp;&nbsp;&nbsp;&nbsp;&nbsp;&nbsp;&nbsp; PaedDr. Hana Proch\u00e1zkov\u00e1, v.r.<\/p>\n<p>&nbsp;<\/p>\n<p>&nbsp;<\/p>\n<p><strong><u>Rozpis ob\u011bd\u016f od 18. 11. 2020<\/u><\/strong><\/p>\n<table>\n<tbody>\n<tr>\n<td>\n<p><strong>\u010cas ob\u011bda<\/strong><\/p>\n<\/td>\n<td>\n<p><strong>den<\/strong><\/p>\n<\/td>\n<td>\n<p><strong>T\u0159\u00edda\/osoby<\/strong><\/p>\n<\/td>\n<\/tr>\n<tr>\n<td>\n<p><strong>11.15 &#8211; 13.00<\/strong><\/p>\n<\/td>\n<td>\n<p><strong>denn\u011b<\/strong><\/p>\n<\/td>\n<td>\n<p><strong>u\u010ditel\u00e9<\/strong><\/p>\n<\/td>\n<\/tr>\n<tr>\n<td>\n<p><strong>od 11.45<\/strong><\/p>\n<\/td>\n<td>\n<p>pond\u011bl\u00ed<\/p>\n<\/td>\n<td>\n<p>2.A, 2.B<\/p>\n<\/td>\n<\/tr>\n<tr>\n<td>\n<p>&nbsp;<\/p>\n<\/td>\n<td>\n<p>\u00fater\u00fd<\/p>\n<\/td>\n<td>\n<p>1.A, 1.B, 1.C<\/p>\n<\/td>\n<\/tr>\n<tr>\n<td>\n<p>&nbsp;<\/p>\n<\/td>\n<td>\n<p>st\u0159eda<\/p>\n<\/td>\n<td>\n<p>2.A, 2.B, 2.C<\/p>\n<\/td>\n<\/tr>\n<tr>\n<td>\n<p>&nbsp;<\/p>\n<\/td>\n<td>\n<p>\u010dtvrtek<\/p>\n<\/td>\n<td>\n<p>1.A, 1.B, 1.C<\/p>\n<\/td>\n<\/tr>\n<tr>\n<td>\n<p>&nbsp;<\/p>\n<\/td>\n<td>\n<p>p\u00e1tek<\/p>\n<\/td>\n<td>\n<p>1.A, 1.B, 1.C<\/p>\n<\/td>\n<\/tr>\n<tr>\n<td>\n<p><strong>od 12.15<\/strong><\/p>\n<\/td>\n<td>\n<p>pond\u011bl\u00ed<\/p>\n<\/td>\n<td>\n<p>&#8212;<\/p>\n<\/td>\n<\/tr>\n<tr>\n<td>\n<p>&nbsp;<\/p>\n<\/td>\n<td>\n<p>\u00fater\u00fd<\/p>\n<\/td>\n<td>\n<p>2.A, 2.B, 2.C<\/p>\n<\/td>\n<\/tr>\n<tr>\n<td>\n<p>&nbsp;<\/p>\n<\/td>\n<td>\n<p>st\u0159eda<\/p>\n<\/td>\n<td>\n<p>&#8212;<\/p>\n<\/td>\n<\/tr>\n<tr>\n<td>\n<p>&nbsp;<\/p>\n<\/td>\n<td>\n<p>\u010dtvrtek<\/p>\n<\/td>\n<td>\n<p>2.C<\/p>\n<\/td>\n<\/tr>\n<tr>\n<td>\n<p>&nbsp;<\/p>\n<\/td>\n<td>\n<p>p\u00e1tek<\/p>\n<\/td>\n<td>\n<p>2.A, 2.B, 2.C<\/p>\n<\/td>\n<\/tr>\n<tr>\n<td>\n<p><strong>od 12.40<\/strong><\/p>\n<\/td>\n<td>\n<p>pond\u011bl\u00ed<\/p>\n<\/td>\n<td>\n<p>1.A, 1.B, 1.C<\/p>\n<\/td>\n<\/tr>\n<tr>\n<td>\n<p>&nbsp;<\/p>\n<\/td>\n<td>\n<p>\u00fater\u00fd<\/p>\n<\/td>\n<td>\n<p>&#8212;<\/p>\n<\/td>\n<\/tr>\n<tr>\n<td>\n<p>&nbsp;<\/p>\n<\/td>\n<td>\n<p>st\u0159eda<\/p>\n<\/td>\n<td>\n<p>1.A, 1.B, 1.C<\/p>\n<\/td>\n<\/tr>\n<tr>\n<td>\n<p>&nbsp;<\/p>\n<\/td>\n<td>\n<p>\u010dtvrtek<\/p>\n<\/td>\n<td>\n<p>2.A, 2.B<\/p>\n<\/td>\n<\/tr>\n<tr>\n<td>\n<p>&nbsp;<\/p>\n<\/td>\n<td>\n<p>p\u00e1tek<\/p>\n<\/td>\n<td>\n<p>&#8212;<\/p>\n<\/td>\n<\/tr>\n<tr>\n<td>\n<p><strong>od 12.45<\/strong><\/p>\n<\/td>\n<td>\n<p>pond\u011bl\u00ed<\/p>\n<\/td>\n<td>\n<p>2.C<\/p>\n<\/td>\n<\/tr>\n<tr>\n<td>\n<p><strong>13.00 &#8211; 14.00<\/strong><\/p>\n<\/td>\n<td>\n<p><strong>denn\u011b<\/strong><\/p>\n<\/td>\n<td>\n<p>&nbsp;<\/p>\n<p><strong>\u017d\u00e1ci na distan\u010dn\u00ed v\u00fduce &#8211; &nbsp;do j\u00eddlonosi\u010d\u016f.<\/strong><\/p>\n<p><strong>&nbsp;<\/strong><\/p>\n<\/td>\n<\/tr>\n<\/tbody>\n<\/table>\n<p>&nbsp;<\/p>\n<p>&nbsp;<\/p>\n<p>&nbsp;<\/p>\n<div class=\"fcbkbttn_buttons_block\" id=\"fcbkbttn_left\"><div class=\"fcbkbttn_like \"><div class=\"fb-like fb-like-button_count\" data-href=\"https:\/\/www.zsben.cz\/wordpress\/?p=84186\" data-colorscheme=\"light\" data-layout=\"button_count\" data-action=\"like\"  data-size=\"small\"><\/div><\/div><div class=\"fb-share-button  \" data-href=\"https:\/\/www.zsben.cz\/wordpress\/?p=84186\" data-type=\"button_count\" data-size=\"small\"><\/div><\/div>","protected":false},"excerpt":{"rendered":"<p>Informace k provozu \u0161kol a \u0161kolsk\u00fdch za\u0159\u00edzen\u00ed od 18. listopadu 2020 (na z\u00e1klad\u011b informac\u00ed M\u0160MT) Na provoz \u0161kol a \u0161kolsk\u00fdch za\u0159\u00edzen\u00ed se i nad\u00e1le vztahuje manu\u00e1l Provoz \u0161kol a \u0161kolsk\u00fdch za\u0159\u00edzen\u00ed ve \u0161koln\u00edm roce 2020\/2021 vzhledem ke covid-19. Z epidemiologick\u00e9ho pohledu je z\u00e1sadn\u00ed zejm\u00e9na pravideln\u00e9 v\u011btr\u00e1n\u00ed vnit\u0159n\u00edch prostor \u2013 v d\u00e9lce alespo\u0148 5 minut b\u011bhem [&hellip;]<\/p>\n","protected":false},"author":13,"featured_media":0,"comment_status":"closed","ping_status":"closed","sticky":false,"template":"","format":"standard","meta":{"ngg_post_thumbnail":0,"footnotes":""},"categories":[1,23],"tags":[],"class_list":["post-84186","post","type-post","status-publish","format-standard","hentry","category-aktuality","category-novinky"],"_links":{"self":[{"href":"https:\/\/www.zsben.cz\/wordpress\/index.php?rest_route=\/wp\/v2\/posts\/84186","targetHints":{"allow":["GET"]}}],"collection":[{"href":"https:\/\/www.zsben.cz\/wordpress\/index.php?rest_route=\/wp\/v2\/posts"}],"about":[{"href":"https:\/\/www.zsben.cz\/wordpress\/index.php?rest_route=\/wp\/v2\/types\/post"}],"author":[{"embeddable":true,"href":"https:\/\/www.zsben.cz\/wordpress\/index.php?rest_route=\/wp\/v2\/users\/13"}],"replies":[{"embeddable":true,"href":"https:\/\/www.zsben.cz\/wordpress\/index.php?rest_route=%2Fwp%2Fv2%2Fcomments&post=84186"}],"version-history":[{"count":6,"href":"https:\/\/www.zsben.cz\/wordpress\/index.php?rest_route=\/wp\/v2\/posts\/84186\/revisions"}],"predecessor-version":[{"id":84211,"href":"https:\/\/www.zsben.cz\/wordpress\/index.php?rest_route=\/wp\/v2\/posts\/84186\/revisions\/84211"}],"wp:attachment":[{"href":"https:\/\/www.zsben.cz\/wordpress\/index.php?rest_route=%2Fwp%2Fv2%2Fmedia&parent=84186"}],"wp:term":[{"taxonomy":"category","embeddable":true,"href":"https:\/\/www.zsben.cz\/wordpress\/index.php?rest_route=%2Fwp%2Fv2%2Fcategories&post=84186"},{"taxonomy":"post_tag","embeddable":true,"href":"https:\/\/www.zsben.cz\/wordpress\/index.php?rest_route=%2Fwp%2Fv2%2Ftags&post=84186"}],"curies":[{"name":"wp","href":"https:\/\/api.w.org\/{rel}","templated":true}]}}