{"id":83823,"date":"2020-09-23T12:02:30","date_gmt":"2020-09-23T10:02:30","guid":{"rendered":"https:\/\/www.zsben.cz\/wordpress\/?p=83823"},"modified":"2020-09-23T12:02:30","modified_gmt":"2020-09-23T10:02:30","slug":"bezecky-festival-benesovska-10","status":"publish","type":"post","link":"https:\/\/www.zsben.cz\/wordpress\/?p=83823","title":{"rendered":"B\u011b\u017eeck\u00fd festival &#8220;Bene\u0161ovsk\u00e1 10&#8221;"},"content":{"rendered":"<p>V ned\u011bli 20.9. 2020 prob\u011bhl v Bene\u0161ov\u011b dal\u0161\u00ed ro\u010dn\u00edk akce &#8220;Ka\u017ed\u00fd m\u016f\u017ee b\u011b\u017eet&#8221;. I v leto\u0161n\u00edm roce se \u017e\u00e1ci na\u0161\u00ed \u0161koly z\u00fa\u010dastnili a byli velmi \u00fasp\u011b\u0161n\u00ed. Dokonce tak, \u017ee \u0161kola z\u00edskala <strong>Poh\u00e1r pro nej\u00fasp\u011b\u0161n\u011bj\u0161\u00ed \u0161kolu <\/strong>a po roce op\u011bt obsadila 1. m\u00edsto. \u00da\u010dast nebyla organizov\u00e1na (jako v minul\u00fdch letech) p\u0159\u00edmo \u0161kolou, ale vzhledem k situaci kolem n\u00e1s byla na b\u00e1zi dobrovoln\u00e9. O to v\u011bt\u0161\u00ed d\u00edk pat\u0159\u00ed v\u0161em kte\u0159\u00ed se z\u00fa\u010dastnili a sv\u00fdm jak\u00fdmkoliv um\u00edst\u011bn\u00edm pomohli tento poh\u00e1r z\u00edskat.<\/p>\n<p><a href=\"https:\/\/www.zsben.cz\/wordpress\/wp-content\/uploads\/2020\/09\/IMG_20200923_104729-scaled.jpg\"><img loading=\"lazy\" decoding=\"async\" class=\"aligncenter size-medium wp-image-83825\" src=\"https:\/\/www.zsben.cz\/wordpress\/wp-content\/uploads\/2020\/09\/IMG_20200923_104729-375x500.jpg\" alt=\"\" width=\"375\" height=\"500\" srcset=\"https:\/\/www.zsben.cz\/wordpress\/wp-content\/uploads\/2020\/09\/IMG_20200923_104729-375x500.jpg 375w, https:\/\/www.zsben.cz\/wordpress\/wp-content\/uploads\/2020\/09\/IMG_20200923_104729-768x1024.jpg 768w, https:\/\/www.zsben.cz\/wordpress\/wp-content\/uploads\/2020\/09\/IMG_20200923_104729-113x150.jpg 113w, https:\/\/www.zsben.cz\/wordpress\/wp-content\/uploads\/2020\/09\/IMG_20200923_104729-1152x1536.jpg 1152w, https:\/\/www.zsben.cz\/wordpress\/wp-content\/uploads\/2020\/09\/IMG_20200923_104729-1536x2048.jpg 1536w, https:\/\/www.zsben.cz\/wordpress\/wp-content\/uploads\/2020\/09\/IMG_20200923_104729-scaled.jpg 1920w\" sizes=\"auto, (max-width: 375px) 100vw, 375px\" \/><\/a><\/p>\n<div class=\"fcbkbttn_buttons_block\" id=\"fcbkbttn_left\"><div class=\"fcbkbttn_like \"><div class=\"fb-like fb-like-button_count\" data-href=\"https:\/\/www.zsben.cz\/wordpress\/?p=83823\" data-colorscheme=\"light\" data-layout=\"button_count\" data-action=\"like\"  data-size=\"small\"><\/div><\/div><div class=\"fb-share-button  \" data-href=\"https:\/\/www.zsben.cz\/wordpress\/?p=83823\" data-type=\"button_count\" data-size=\"small\"><\/div><\/div>","protected":false},"excerpt":{"rendered":"<p>V ned\u011bli 20.9. 2020 prob\u011bhl v Bene\u0161ov\u011b dal\u0161\u00ed ro\u010dn\u00edk akce &#8220;Ka\u017ed\u00fd m\u016f\u017ee b\u011b\u017eet&#8221;. I v leto\u0161n\u00edm roce se \u017e\u00e1ci na\u0161\u00ed \u0161koly z\u00fa\u010dastnili a byli velmi \u00fasp\u011b\u0161n\u00ed. Dokonce tak, \u017ee \u0161kola z\u00edskala Poh\u00e1r pro nej\u00fasp\u011b\u0161n\u011bj\u0161\u00ed \u0161kolu a po roce op\u011bt obsadila 1. m\u00edsto. \u00da\u010dast nebyla organizov\u00e1na (jako v minul\u00fdch letech) p\u0159\u00edmo \u0161kolou, ale vzhledem k situaci [&hellip;]<\/p>\n","protected":false},"author":4,"featured_media":0,"comment_status":"closed","ping_status":"closed","sticky":false,"template":"","format":"standard","meta":{"ngg_post_thumbnail":0,"footnotes":""},"categories":[1,10],"tags":[],"class_list":["post-83823","post","type-post","status-publish","format-standard","hentry","category-aktuality","category-telocvik"],"_links":{"self":[{"href":"https:\/\/www.zsben.cz\/wordpress\/index.php?rest_route=\/wp\/v2\/posts\/83823","targetHints":{"allow":["GET"]}}],"collection":[{"href":"https:\/\/www.zsben.cz\/wordpress\/index.php?rest_route=\/wp\/v2\/posts"}],"about":[{"href":"https:\/\/www.zsben.cz\/wordpress\/index.php?rest_route=\/wp\/v2\/types\/post"}],"author":[{"embeddable":true,"href":"https:\/\/www.zsben.cz\/wordpress\/index.php?rest_route=\/wp\/v2\/users\/4"}],"replies":[{"embeddable":true,"href":"https:\/\/www.zsben.cz\/wordpress\/index.php?rest_route=%2Fwp%2Fv2%2Fcomments&post=83823"}],"version-history":[{"count":1,"href":"https:\/\/www.zsben.cz\/wordpress\/index.php?rest_route=\/wp\/v2\/posts\/83823\/revisions"}],"predecessor-version":[{"id":83826,"href":"https:\/\/www.zsben.cz\/wordpress\/index.php?rest_route=\/wp\/v2\/posts\/83823\/revisions\/83826"}],"wp:attachment":[{"href":"https:\/\/www.zsben.cz\/wordpress\/index.php?rest_route=%2Fwp%2Fv2%2Fmedia&parent=83823"}],"wp:term":[{"taxonomy":"category","embeddable":true,"href":"https:\/\/www.zsben.cz\/wordpress\/index.php?rest_route=%2Fwp%2Fv2%2Fcategories&post=83823"},{"taxonomy":"post_tag","embeddable":true,"href":"https:\/\/www.zsben.cz\/wordpress\/index.php?rest_route=%2Fwp%2Fv2%2Ftags&post=83823"}],"curies":[{"name":"wp","href":"https:\/\/api.w.org\/{rel}","templated":true}]}}