{"id":83574,"date":"2020-09-07T20:32:12","date_gmt":"2020-09-07T18:32:12","guid":{"rendered":"https:\/\/www.zsben.cz\/wordpress\/?p=83574"},"modified":"2020-09-07T20:32:12","modified_gmt":"2020-09-07T18:32:12","slug":"tour-de-dobronice-1","status":"publish","type":"post","link":"https:\/\/www.zsben.cz\/wordpress\/?p=83574","title":{"rendered":"Tour de Dobronice 1"},"content":{"rendered":"<p>Po \u00fasp\u011b\u0161n\u00e9m ostr\u00e9m startu od \u0161koly n\u00e1s \u010dekalo 1. p\u0159ibr\u017ed\u011bn\u00ed\u010dko&nbsp; ve Votic\u00edch a v Pozov\u011b (skupina kluk\u016f).<\/p>\n<p>Po prvn\u00ed ob\u010derstvovac\u00ed stanici jsme s \u00fasm\u011bvem sko\u010dili do ped\u00e1l\u016f a \u0159\u00edtili se na ob\u011bd do Pr\u010dice a Mlad\u00e9 Vo\u017eice.&nbsp; 18 state\u010dn\u00fdch zdolalo vrcha\u0159skou pr\u00e9mii 1. kategorie na Mon\u00ednci.<\/p>\n<p>Na m\u00edsto ubytov\u00e1n\u00ed jsme p\u0159ijeli mezi 15 &#8211; 16 hodinou, v\u0161ichni a bez defektu.<\/p>\n<p>V\u0161ichni zdrav\u00ed a jsou zdrav\u00ed.<\/p>\nngg_shortcode_0_placeholder\n<div class=\"fcbkbttn_buttons_block\" id=\"fcbkbttn_left\"><div class=\"fcbkbttn_like \"><div class=\"fb-like fb-like-button_count\" data-href=\"https:\/\/www.zsben.cz\/wordpress\/?p=83574\" data-colorscheme=\"light\" data-layout=\"button_count\" data-action=\"like\"  data-size=\"small\"><\/div><\/div><div class=\"fb-share-button  \" data-href=\"https:\/\/www.zsben.cz\/wordpress\/?p=83574\" data-type=\"button_count\" data-size=\"small\"><\/div><\/div>","protected":false},"excerpt":{"rendered":"<p>Po \u00fasp\u011b\u0161n\u00e9m ostr\u00e9m startu od \u0161koly n\u00e1s \u010dekalo 1. p\u0159ibr\u017ed\u011bn\u00ed\u010dko&nbsp; ve Votic\u00edch a v Pozov\u011b (skupina kluk\u016f). Po prvn\u00ed ob\u010derstvovac\u00ed stanici jsme s \u00fasm\u011bvem sko\u010dili do ped\u00e1l\u016f a \u0159\u00edtili se na ob\u011bd do Pr\u010dice a Mlad\u00e9 Vo\u017eice.&nbsp; 18 state\u010dn\u00fdch zdolalo vrcha\u0159skou pr\u00e9mii 1. kategorie na Mon\u00ednci. Na m\u00edsto ubytov\u00e1n\u00ed jsme p\u0159ijeli mezi 15 &#8211; 16 [&hellip;]<\/p>\n","protected":false},"author":4,"featured_media":0,"comment_status":"closed","ping_status":"closed","sticky":false,"template":"","format":"standard","meta":{"ngg_post_thumbnail":0,"footnotes":""},"categories":[1,10],"tags":[],"class_list":["post-83574","post","type-post","status-publish","format-standard","hentry","category-aktuality","category-telocvik"],"_links":{"self":[{"href":"https:\/\/www.zsben.cz\/wordpress\/index.php?rest_route=\/wp\/v2\/posts\/83574","targetHints":{"allow":["GET"]}}],"collection":[{"href":"https:\/\/www.zsben.cz\/wordpress\/index.php?rest_route=\/wp\/v2\/posts"}],"about":[{"href":"https:\/\/www.zsben.cz\/wordpress\/index.php?rest_route=\/wp\/v2\/types\/post"}],"author":[{"embeddable":true,"href":"https:\/\/www.zsben.cz\/wordpress\/index.php?rest_route=\/wp\/v2\/users\/4"}],"replies":[{"embeddable":true,"href":"https:\/\/www.zsben.cz\/wordpress\/index.php?rest_route=%2Fwp%2Fv2%2Fcomments&post=83574"}],"version-history":[{"count":2,"href":"https:\/\/www.zsben.cz\/wordpress\/index.php?rest_route=\/wp\/v2\/posts\/83574\/revisions"}],"predecessor-version":[{"id":83576,"href":"https:\/\/www.zsben.cz\/wordpress\/index.php?rest_route=\/wp\/v2\/posts\/83574\/revisions\/83576"}],"wp:attachment":[{"href":"https:\/\/www.zsben.cz\/wordpress\/index.php?rest_route=%2Fwp%2Fv2%2Fmedia&parent=83574"}],"wp:term":[{"taxonomy":"category","embeddable":true,"href":"https:\/\/www.zsben.cz\/wordpress\/index.php?rest_route=%2Fwp%2Fv2%2Fcategories&post=83574"},{"taxonomy":"post_tag","embeddable":true,"href":"https:\/\/www.zsben.cz\/wordpress\/index.php?rest_route=%2Fwp%2Fv2%2Ftags&post=83574"}],"curies":[{"name":"wp","href":"https:\/\/api.w.org\/{rel}","templated":true}]}}