{"id":83378,"date":"2020-06-21T19:26:32","date_gmt":"2020-06-21T17:26:32","guid":{"rendered":"https:\/\/www.zsben.cz\/wordpress\/?p=83378"},"modified":"2020-07-19T19:12:02","modified_gmt":"2020-07-19T17:12:02","slug":"jak-probehne-zaver-skolniho-roku","status":"publish","type":"post","link":"https:\/\/www.zsben.cz\/wordpress\/?p=83378","title":{"rendered":"Z\u00e1v\u011br \u0161koln\u00edho roku a pod\u011bkov\u00e1n\u00ed"},"content":{"rendered":"<p>V\u00e1\u017een\u00ed rodi\u010de,<\/p>\n<p>od 22. \u010dervna do 25. \u010dervna 2020 se pro vzd\u011bl\u00e1vac\u00ed aktivity nic nem\u011bn\u00ed, tj. st\u00e1le plat\u00ed omezen\u00ed po\u010dtu \u017e\u00e1k\u016f na 15.<\/p>\n<p>Budou uspo\u0159\u00e1d\u00e1ny tradi\u010dn\u00ed \u0161koln\u00ed akce, kter\u00e9 se v\u00e1\u017e\u00ed na z\u00e1v\u011br \u0161koln\u00edho roku, tedy:<\/p>\n<ul>\n<li>Z\u00e1v\u011bre\u010dn\u00e9 fotografov\u00e1n\u00ed t\u0159\u00edd:<\/li>\n<\/ul>\n<ol>\n<li>stupe\u0148 \u2013 23. 6. 2020<\/li>\n<li>stupe\u0148 &#8211;&nbsp; 24. 6. 2020<\/li>\n<\/ol>\n<p>(\u017d\u00e1ci, kte\u0159\u00ed jsou doposud na distan\u010dn\u00edm vzd\u011bl\u00e1v\u00e1n\u00ed, p\u0159inesou vypln\u011bn\u00e9 \u010cESTN\u00c9 PROHL\u00c1\u0160EN\u00cd)<\/p>\n<ul>\n<li>P\u0159ed\u00e1n\u00ed vysv\u011bd\u010den\u00ed \u2013 26. 6. 2020 v&nbsp;dob\u011b od 8,00 do 8,45 krom\u011b 9. t\u0159\u00edd<\/li>\n<li>Slavnostn\u00ed p\u0159ed\u00e1n\u00ed vysv\u011bd\u010den\u00ed a rozlou\u010den\u00ed s&nbsp;\u017e\u00e1ky 9. t\u0159\u00edd prob\u011bhne od 8,00 do 8,45 ve t\u0159\u00edd\u00e1ch, d\u00e1le bude pokra\u010dovat v&nbsp;are\u00e1lu \u0161koly od 8,45 do 10,00<\/li>\n<\/ul>\n<p>Akc\u00ed se mohou z\u00fa\u010dastnit v\u0161ichni \u017e\u00e1ci <strong>bez p\u0159\u00edznak\u016f<\/strong> virov\u00e9ho onemocn\u011bn\u00ed.<\/p>\n<p>Po skon\u010den\u00ed akc\u00ed \u017e\u00e1ci odejdou sami dom\u016f a nebo v&nbsp;doprovodu rodi\u010d\u016f.<\/p>\n<p>V p\u00e1tek 26. 6. 2020 nemaj\u00ed \u017e\u00e1ci ob\u011bd ve \u0161koln\u00ed j\u00eddeln\u011b.<\/p>\n<p>&nbsp;<\/p>\n<p><strong>D\u011aKUJEME!<\/strong><\/p>\n<p>\u0160koln\u00ed rok kon\u010d\u00ed. Byl jin\u00fd ne\u017e ostatn\u00ed. Zvl\u00e1dnut\u00ed ka\u017edodenn\u00ed situace v&nbsp;dob\u011b uzav\u0159en\u00fdch \u0161kol nebylo jednoduch\u00e9 pro u\u010ditele, \u017e\u00e1ky a jejich rodi\u010de.<\/p>\n<p>V\u0161ichni si zaslou\u017e\u00ed moje velk\u00e9 pod\u011bkov\u00e1n\u00ed. V\u00e1\u017e\u00edm si toho, jak jsme spole\u010dn\u00fdmi silami situaci zvl\u00e1dli.<\/p>\n<p>P\u0159eji V\u00e1m v\u0161em kr\u00e1sn\u00e9 l\u00e9to a odpo\u010dinek.<\/p>\n<p>V\u011b\u0159\u00edm, \u017ee se v&nbsp;z\u00e1\u0159\u00ed sejdeme ve \u0161kole.<\/p>\n<p>&nbsp;<\/p>\n<p>Hana Proch\u00e1zkov\u00e1<\/p>\n<div class=\"fcbkbttn_buttons_block\" id=\"fcbkbttn_left\"><div class=\"fcbkbttn_like \"><div class=\"fb-like fb-like-button_count\" data-href=\"https:\/\/www.zsben.cz\/wordpress\/?p=83378\" data-colorscheme=\"light\" data-layout=\"button_count\" data-action=\"like\"  data-size=\"small\"><\/div><\/div><div class=\"fb-share-button  \" data-href=\"https:\/\/www.zsben.cz\/wordpress\/?p=83378\" data-type=\"button_count\" data-size=\"small\"><\/div><\/div>","protected":false},"excerpt":{"rendered":"<p>V\u00e1\u017een\u00ed rodi\u010de, od 22. \u010dervna do 25. \u010dervna 2020 se pro vzd\u011bl\u00e1vac\u00ed aktivity nic nem\u011bn\u00ed, tj. st\u00e1le plat\u00ed omezen\u00ed po\u010dtu \u017e\u00e1k\u016f na 15. Budou uspo\u0159\u00e1d\u00e1ny tradi\u010dn\u00ed \u0161koln\u00ed akce, kter\u00e9 se v\u00e1\u017e\u00ed na z\u00e1v\u011br \u0161koln\u00edho roku, tedy: Z\u00e1v\u011bre\u010dn\u00e9 fotografov\u00e1n\u00ed t\u0159\u00edd: stupe\u0148 \u2013 23. 6. 2020 stupe\u0148 &#8211;&nbsp; 24. 6. 2020 (\u017d\u00e1ci, kte\u0159\u00ed jsou doposud na distan\u010dn\u00edm [&hellip;]<\/p>\n","protected":false},"author":13,"featured_media":0,"comment_status":"closed","ping_status":"closed","sticky":false,"template":"","format":"standard","meta":{"ngg_post_thumbnail":0,"footnotes":""},"categories":[1],"tags":[],"class_list":["post-83378","post","type-post","status-publish","format-standard","hentry","category-aktuality"],"_links":{"self":[{"href":"https:\/\/www.zsben.cz\/wordpress\/index.php?rest_route=\/wp\/v2\/posts\/83378","targetHints":{"allow":["GET"]}}],"collection":[{"href":"https:\/\/www.zsben.cz\/wordpress\/index.php?rest_route=\/wp\/v2\/posts"}],"about":[{"href":"https:\/\/www.zsben.cz\/wordpress\/index.php?rest_route=\/wp\/v2\/types\/post"}],"author":[{"embeddable":true,"href":"https:\/\/www.zsben.cz\/wordpress\/index.php?rest_route=\/wp\/v2\/users\/13"}],"replies":[{"embeddable":true,"href":"https:\/\/www.zsben.cz\/wordpress\/index.php?rest_route=%2Fwp%2Fv2%2Fcomments&post=83378"}],"version-history":[{"count":6,"href":"https:\/\/www.zsben.cz\/wordpress\/index.php?rest_route=\/wp\/v2\/posts\/83378\/revisions"}],"predecessor-version":[{"id":83415,"href":"https:\/\/www.zsben.cz\/wordpress\/index.php?rest_route=\/wp\/v2\/posts\/83378\/revisions\/83415"}],"wp:attachment":[{"href":"https:\/\/www.zsben.cz\/wordpress\/index.php?rest_route=%2Fwp%2Fv2%2Fmedia&parent=83378"}],"wp:term":[{"taxonomy":"category","embeddable":true,"href":"https:\/\/www.zsben.cz\/wordpress\/index.php?rest_route=%2Fwp%2Fv2%2Fcategories&post=83378"},{"taxonomy":"post_tag","embeddable":true,"href":"https:\/\/www.zsben.cz\/wordpress\/index.php?rest_route=%2Fwp%2Fv2%2Ftags&post=83378"}],"curies":[{"name":"wp","href":"https:\/\/api.w.org\/{rel}","templated":true}]}}