{"id":82694,"date":"2020-01-29T10:35:01","date_gmt":"2020-01-29T09:35:01","guid":{"rendered":"https:\/\/www.zsben.cz\/wordpress\/?p=82694"},"modified":"2020-01-29T10:35:01","modified_gmt":"2020-01-29T09:35:01","slug":"hry-ix-zimni-olympiady-deti-a-mladeze","status":"publish","type":"post","link":"https:\/\/www.zsben.cz\/wordpress\/?p=82694","title":{"rendered":"Hry IX. zimn\u00ed olympi\u00e1dy d\u011bt\u00ed a ml\u00e1de\u017ee"},"content":{"rendered":"<p>Ve \u010dtvrtek 23. 1. 2020 skon\u010dily v Karlovarsk\u00e9m kraji&nbsp; Hry IX. zimn\u00ed olympi\u00e1dy d\u011bt\u00ed a ml\u00e1de\u017ee, kter\u00e9 se z\u00fa\u010dastnili i \u017e\u00e1ci na\u0161\u00ed \u0161koly. Jmenovit\u011b se jedn\u00e1 o Karol\u00ednu Ku\u010derovou &#8211; b\u011b\u017eky, Lucii \u0160\u0165astnou &#8211; b\u011b\u017eky, Tom\u00e1\u0161e \u0160tolbu &#8211; b\u011b\u017eky a Vojta \u0160pa\u010dek &#8211; rychlobruslen\u00ed.<\/p>\n<p>V\u0161em bych cht\u011bla moc pod\u011bkovat za skv\u011blou reprezentaci St\u0159edo\u010desk\u00e9ho kraje a pop\u0159\u00e1t mnoho dal\u0161\u00edch sportovn\u00edch \u00fasp\u011bch\u016f.<\/p>\n<p><p class=\"gde-text\"><a href=\"https:\/\/www.zsben.cz\/wordpress\/wp-content\/uploads\/2020\/01\/b\u011b\u017eky-klasika-d\u00edvky.pdf\" class=\"gde-link\" onClick=\"_gaq.push(['_trackEvent', 'Google Doc Embedder', 'St\u00e1hnout', this.href]);\">St\u00e1hnout (PDF, Nezn\u00e1m\u00fd)<\/a><\/p>\n<iframe src=\"\/\/docs.google.com\/viewer?url=https%3A%2F%2Fwww.zsben.cz%2Fwordpress%2Fwp-content%2Fuploads%2F2020%2F01%2Fb%C4%9B%C5%BEky-klasika-d%C3%ADvky.pdf&hl=cs&embedded=true\" class=\"gde-frame\" style=\"width:100%; height:700px; border: none;\" scrolling=\"no\"><\/iframe> <p class=\"gde-text\"><a href=\"https:\/\/www.zsben.cz\/wordpress\/wp-content\/uploads\/2020\/01\/b\u011b\u017eky-klasika-chlapci.pdf\" class=\"gde-link\" onClick=\"_gaq.push(['_trackEvent', 'Google Doc Embedder', 'St\u00e1hnout', this.href]);\">St\u00e1hnout (PDF, Nezn\u00e1m\u00fd)<\/a><\/p>\n<iframe src=\"\/\/docs.google.com\/viewer?url=https%3A%2F%2Fwww.zsben.cz%2Fwordpress%2Fwp-content%2Fuploads%2F2020%2F01%2Fb%C4%9B%C5%BEky-klasika-chlapci.pdf&hl=cs&embedded=true\" class=\"gde-frame\" style=\"width:100%; height:700px; border: none;\" scrolling=\"no\"><\/iframe> <p class=\"gde-text\"><a href=\"https:\/\/www.zsben.cz\/wordpress\/wp-content\/uploads\/2020\/01\/b\u011b\u017eky-voln\u011b-d\u00edvky.pdf\" class=\"gde-link\" onClick=\"_gaq.push(['_trackEvent', 'Google Doc Embedder', 'St\u00e1hnout', this.href]);\">St\u00e1hnout (PDF, Nezn\u00e1m\u00fd)<\/a><\/p>\n<iframe src=\"\/\/docs.google.com\/viewer?url=https%3A%2F%2Fwww.zsben.cz%2Fwordpress%2Fwp-content%2Fuploads%2F2020%2F01%2Fb%C4%9B%C5%BEky-voln%C4%9B-d%C3%ADvky.pdf&hl=cs&embedded=true\" class=\"gde-frame\" style=\"width:100%; height:700px; border: none;\" scrolling=\"no\"><\/iframe> <p class=\"gde-text\"><a href=\"https:\/\/www.zsben.cz\/wordpress\/wp-content\/uploads\/2020\/01\/b\u011b\u017eky-voln\u011b-chlapci.pdf\" class=\"gde-link\" onClick=\"_gaq.push(['_trackEvent', 'Google Doc Embedder', 'St\u00e1hnout', this.href]);\">St\u00e1hnout (PDF, Nezn\u00e1m\u00fd)<\/a><\/p>\n<iframe src=\"\/\/docs.google.com\/viewer?url=https%3A%2F%2Fwww.zsben.cz%2Fwordpress%2Fwp-content%2Fuploads%2F2020%2F01%2Fb%C4%9B%C5%BEky-voln%C4%9B-chlapci.pdf&hl=cs&embedded=true\" class=\"gde-frame\" style=\"width:100%; height:700px; border: none;\" scrolling=\"no\"><\/iframe> <p class=\"gde-text\"><a href=\"https:\/\/www.zsben.cz\/wordpress\/wp-content\/uploads\/2020\/01\/rychlobruslen\u00ed-111m.pdf\" class=\"gde-link\" onClick=\"_gaq.push(['_trackEvent', 'Google Doc Embedder', 'St\u00e1hnout', this.href]);\">St\u00e1hnout (PDF, Nezn\u00e1m\u00fd)<\/a><\/p>\n<iframe src=\"\/\/docs.google.com\/viewer?url=https%3A%2F%2Fwww.zsben.cz%2Fwordpress%2Fwp-content%2Fuploads%2F2020%2F01%2Frychlobruslen%C3%AD-111m.pdf&hl=cs&embedded=true\" class=\"gde-frame\" style=\"width:100%; height:700px; border: none;\" scrolling=\"no\"><\/iframe> <p class=\"gde-text\"><a href=\"https:\/\/www.zsben.cz\/wordpress\/wp-content\/uploads\/2020\/01\/rychlobruslen\u00ed-333m.pdf\" class=\"gde-link\" onClick=\"_gaq.push(['_trackEvent', 'Google Doc Embedder', 'St\u00e1hnout', this.href]);\">St\u00e1hnout (PDF, Nezn\u00e1m\u00fd)<\/a><\/p>\n<iframe src=\"\/\/docs.google.com\/viewer?url=https%3A%2F%2Fwww.zsben.cz%2Fwordpress%2Fwp-content%2Fuploads%2F2020%2F01%2Frychlobruslen%C3%AD-333m.pdf&hl=cs&embedded=true\" class=\"gde-frame\" style=\"width:100%; height:700px; border: none;\" scrolling=\"no\"><\/iframe> <p class=\"gde-text\"><a href=\"https:\/\/www.zsben.cz\/wordpress\/wp-content\/uploads\/2020\/01\/rychlobruslen\u00ed-500m.pdf\" class=\"gde-link\" onClick=\"_gaq.push(['_trackEvent', 'Google Doc Embedder', 'St\u00e1hnout', this.href]);\">St\u00e1hnout (PDF, Nezn\u00e1m\u00fd)<\/a><\/p>\n<iframe src=\"\/\/docs.google.com\/viewer?url=https%3A%2F%2Fwww.zsben.cz%2Fwordpress%2Fwp-content%2Fuploads%2F2020%2F01%2Frychlobruslen%C3%AD-500m.pdf&hl=cs&embedded=true\" class=\"gde-frame\" style=\"width:100%; height:700px; border: none;\" scrolling=\"no\"><\/iframe><\/p>\n<div class=\"fcbkbttn_buttons_block\" id=\"fcbkbttn_left\"><div class=\"fcbkbttn_like \"><div class=\"fb-like fb-like-button_count\" data-href=\"https:\/\/www.zsben.cz\/wordpress\/?p=82694\" data-colorscheme=\"light\" data-layout=\"button_count\" data-action=\"like\"  data-size=\"small\"><\/div><\/div><div class=\"fb-share-button  \" data-href=\"https:\/\/www.zsben.cz\/wordpress\/?p=82694\" data-type=\"button_count\" data-size=\"small\"><\/div><\/div>","protected":false},"excerpt":{"rendered":"<p>Ve \u010dtvrtek 23. 1. 2020 skon\u010dily v Karlovarsk\u00e9m kraji&nbsp; Hry IX. zimn\u00ed olympi\u00e1dy d\u011bt\u00ed a ml\u00e1de\u017ee, kter\u00e9 se z\u00fa\u010dastnili i \u017e\u00e1ci na\u0161\u00ed \u0161koly. Jmenovit\u011b se jedn\u00e1 o Karol\u00ednu Ku\u010derovou &#8211; b\u011b\u017eky, Lucii \u0160\u0165astnou &#8211; b\u011b\u017eky, Tom\u00e1\u0161e \u0160tolbu &#8211; b\u011b\u017eky a Vojta \u0160pa\u010dek &#8211; rychlobruslen\u00ed. V\u0161em bych cht\u011bla moc pod\u011bkovat za skv\u011blou reprezentaci St\u0159edo\u010desk\u00e9ho kraje a [&hellip;]<\/p>\n","protected":false},"author":4,"featured_media":0,"comment_status":"closed","ping_status":"closed","sticky":false,"template":"","format":"standard","meta":{"ngg_post_thumbnail":0,"footnotes":""},"categories":[1,10],"tags":[],"class_list":["post-82694","post","type-post","status-publish","format-standard","hentry","category-aktuality","category-telocvik"],"_links":{"self":[{"href":"https:\/\/www.zsben.cz\/wordpress\/index.php?rest_route=\/wp\/v2\/posts\/82694","targetHints":{"allow":["GET"]}}],"collection":[{"href":"https:\/\/www.zsben.cz\/wordpress\/index.php?rest_route=\/wp\/v2\/posts"}],"about":[{"href":"https:\/\/www.zsben.cz\/wordpress\/index.php?rest_route=\/wp\/v2\/types\/post"}],"author":[{"embeddable":true,"href":"https:\/\/www.zsben.cz\/wordpress\/index.php?rest_route=\/wp\/v2\/users\/4"}],"replies":[{"embeddable":true,"href":"https:\/\/www.zsben.cz\/wordpress\/index.php?rest_route=%2Fwp%2Fv2%2Fcomments&post=82694"}],"version-history":[{"count":1,"href":"https:\/\/www.zsben.cz\/wordpress\/index.php?rest_route=\/wp\/v2\/posts\/82694\/revisions"}],"predecessor-version":[{"id":82702,"href":"https:\/\/www.zsben.cz\/wordpress\/index.php?rest_route=\/wp\/v2\/posts\/82694\/revisions\/82702"}],"wp:attachment":[{"href":"https:\/\/www.zsben.cz\/wordpress\/index.php?rest_route=%2Fwp%2Fv2%2Fmedia&parent=82694"}],"wp:term":[{"taxonomy":"category","embeddable":true,"href":"https:\/\/www.zsben.cz\/wordpress\/index.php?rest_route=%2Fwp%2Fv2%2Fcategories&post=82694"},{"taxonomy":"post_tag","embeddable":true,"href":"https:\/\/www.zsben.cz\/wordpress\/index.php?rest_route=%2Fwp%2Fv2%2Ftags&post=82694"}],"curies":[{"name":"wp","href":"https:\/\/api.w.org\/{rel}","templated":true}]}}