{"id":81942,"date":"2019-12-09T08:08:32","date_gmt":"2019-12-09T07:08:32","guid":{"rendered":"https:\/\/www.zsben.cz\/wordpress\/?p=81942"},"modified":"2019-12-09T08:08:32","modified_gmt":"2019-12-09T07:08:32","slug":"certi-bal-ve-skolni-druzine-3","status":"publish","type":"post","link":"https:\/\/www.zsben.cz\/wordpress\/?p=81942","title":{"rendered":"\u010cert\u00ed b\u00e1l ve \u0161koln\u00ed dru\u017ein\u011b"},"content":{"rendered":"<p>Ve dnech 3. 12. a 6. 12. 2019 p\u0159ipravily vychovatelky ze \u0161koln\u00ed dru\u017einy pro d\u011bti ji\u017e tradi\u010dn\u00ed \u010dert\u00ed b\u00e1l. Chlapci a d\u00edvky z prvn\u00edch a druh\u00fdch t\u0159\u00edd si ve vyzdoben\u00e9 spole\u010densk\u00e9 m\u00edstnosti po oba dny zatan\u010dily a zapojily se do r\u016fzn\u00fdch sout\u011b\u017e\u00ed. Nap\u0159\u00edklad hr\u00e1ly \u010dertovsk\u00e9 divadlo, h\u00e1zely pytlem, koulely brambory nebo lovily kapry. V\u00edt\u011bzov\u00e9 z jednotliv\u00fdch sout\u011b\u017e\u00ed dostali za sv\u016fj v\u00fdkon sladkou odm\u011bnu. N\u011bkter\u00e9 d\u011bti si p\u0159ipravily tane\u010dn\u00ed a p\u011bveck\u00e9 vystoupen\u00ed, kter\u00e9 n\u00e1m p\u0159edvedly. V pr\u016fb\u011bhu b\u00e1lu n\u00e1s nav\u0161t\u00edvil i Mikul\u00e1\u0161, s n\u00edm\u017e si d\u011bti zatan\u010dily.<\/p>\n<p>Text: M. \u0160ubrtov\u00e1<\/p>\nngg_shortcode_0_placeholder\n<div class=\"fcbkbttn_buttons_block\" id=\"fcbkbttn_left\"><div class=\"fcbkbttn_like \"><div class=\"fb-like fb-like-button_count\" data-href=\"https:\/\/www.zsben.cz\/wordpress\/?p=81942\" data-colorscheme=\"light\" data-layout=\"button_count\" data-action=\"like\"  data-size=\"small\"><\/div><\/div><div class=\"fb-share-button  \" data-href=\"https:\/\/www.zsben.cz\/wordpress\/?p=81942\" data-type=\"button_count\" data-size=\"small\"><\/div><\/div>","protected":false},"excerpt":{"rendered":"<p>Ve dnech 3. 12. a 6. 12. 2019 p\u0159ipravily vychovatelky ze \u0161koln\u00ed dru\u017einy pro d\u011bti ji\u017e tradi\u010dn\u00ed \u010dert\u00ed b\u00e1l. Chlapci a d\u00edvky z prvn\u00edch a druh\u00fdch t\u0159\u00edd si ve vyzdoben\u00e9 spole\u010densk\u00e9 m\u00edstnosti po oba dny zatan\u010dily a zapojily se do r\u016fzn\u00fdch sout\u011b\u017e\u00ed. Nap\u0159\u00edklad hr\u00e1ly \u010dertovsk\u00e9 divadlo, h\u00e1zely pytlem, koulely brambory nebo lovily kapry. V\u00edt\u011bzov\u00e9 z [&hellip;]<\/p>\n","protected":false},"author":36,"featured_media":0,"comment_status":"closed","ping_status":"closed","sticky":false,"template":"","format":"standard","meta":{"ngg_post_thumbnail":0,"footnotes":""},"categories":[1,14],"tags":[],"class_list":["post-81942","post","type-post","status-publish","format-standard","hentry","category-aktuality","category-skolni-druzina"],"_links":{"self":[{"href":"https:\/\/www.zsben.cz\/wordpress\/index.php?rest_route=\/wp\/v2\/posts\/81942","targetHints":{"allow":["GET"]}}],"collection":[{"href":"https:\/\/www.zsben.cz\/wordpress\/index.php?rest_route=\/wp\/v2\/posts"}],"about":[{"href":"https:\/\/www.zsben.cz\/wordpress\/index.php?rest_route=\/wp\/v2\/types\/post"}],"author":[{"embeddable":true,"href":"https:\/\/www.zsben.cz\/wordpress\/index.php?rest_route=\/wp\/v2\/users\/36"}],"replies":[{"embeddable":true,"href":"https:\/\/www.zsben.cz\/wordpress\/index.php?rest_route=%2Fwp%2Fv2%2Fcomments&post=81942"}],"version-history":[{"count":1,"href":"https:\/\/www.zsben.cz\/wordpress\/index.php?rest_route=\/wp\/v2\/posts\/81942\/revisions"}],"predecessor-version":[{"id":81943,"href":"https:\/\/www.zsben.cz\/wordpress\/index.php?rest_route=\/wp\/v2\/posts\/81942\/revisions\/81943"}],"wp:attachment":[{"href":"https:\/\/www.zsben.cz\/wordpress\/index.php?rest_route=%2Fwp%2Fv2%2Fmedia&parent=81942"}],"wp:term":[{"taxonomy":"category","embeddable":true,"href":"https:\/\/www.zsben.cz\/wordpress\/index.php?rest_route=%2Fwp%2Fv2%2Fcategories&post=81942"},{"taxonomy":"post_tag","embeddable":true,"href":"https:\/\/www.zsben.cz\/wordpress\/index.php?rest_route=%2Fwp%2Fv2%2Ftags&post=81942"}],"curies":[{"name":"wp","href":"https:\/\/api.w.org\/{rel}","templated":true}]}}