{"id":796,"date":"2009-04-25T16:38:22","date_gmt":"2009-04-25T15:38:22","guid":{"rendered":"http:\/\/www.zsben.cz\/wordpress\/?p=796"},"modified":"2009-04-25T16:40:20","modified_gmt":"2009-04-25T15:40:20","slug":"turecko-den-druhy","status":"publish","type":"post","link":"https:\/\/www.zsben.cz\/wordpress\/?p=796","title":{"rendered":"Turecko &#8211; den t\u0159et\u00ed"},"content":{"rendered":"<p>Cel\u00fd den se nesl ve znamen\u00ed oslav tureck\u00e9ho sv\u00e1tku dne d\u011bt\u00ed. Na rozd\u00edl od \u010cesk\u00e9 republiky a ostatn\u00edch zem\u00ed v Turecku v\u011bnoval 23. duben d\u011btem slavn\u00fd v\u016fdce tureck\u00e9ho n\u00e1roda Atat\u00fcrk. Nejd\u0159\u00edve jsme tedy sledovala slavnostn\u00ed vystoupen\u00ed na aydinsk\u00e9m fotbalov\u00e9m stadionu. Oslavy trochu p\u0159ipom\u00ednali kdysi v \u010cesk\u00e9 republice slaven\u00fd 1. kv\u011bten. Po \u00favodn\u00edch projevech d\u016fle\u017eit\u00fdch aydinsk\u00fdch obyvatel n\u00e1sledoval pr\u016fvod \u017e\u00e1k\u016f z\u00e1kladn\u00edch \u0161kol a po t\u00e9 vystoupen\u00ed na zp\u016fsob na\u0161eho v\u0161esokolsk\u00e9ho sletu.<\/p>\n<p><a href=\"http:\/\/www.zsben.cz\/wordpress\/wp-content\/uploads\/2009\/04\/p1070240.jpg\"><img loading=\"lazy\" decoding=\"async\" class=\"alignnone size-medium wp-image-798\" title=\"p1070240\" src=\"http:\/\/www.zsben.cz\/wordpress\/wp-content\/uploads\/2009\/04\/p1070240-400x300.jpg\" alt=\"p1070240\" width=\"400\" height=\"300\" srcset=\"https:\/\/www.zsben.cz\/wordpress\/wp-content\/uploads\/2009\/04\/p1070240-400x300.jpg 400w, https:\/\/www.zsben.cz\/wordpress\/wp-content\/uploads\/2009\/04\/p1070240-1024x768.jpg 1024w, https:\/\/www.zsben.cz\/wordpress\/wp-content\/uploads\/2009\/04\/p1070240.jpg 2048w\" sizes=\"auto, (max-width: 400px) 100vw, 400px\" \/><\/a><\/p>\n<p><a href=\"http:\/\/www.zsben.cz\/wordpress\/wp-content\/uploads\/2009\/04\/p1070244.jpg\"><img loading=\"lazy\" decoding=\"async\" class=\"alignnone size-medium wp-image-799\" title=\"p1070244\" src=\"http:\/\/www.zsben.cz\/wordpress\/wp-content\/uploads\/2009\/04\/p1070244-400x300.jpg\" alt=\"p1070244\" width=\"400\" height=\"300\" srcset=\"https:\/\/www.zsben.cz\/wordpress\/wp-content\/uploads\/2009\/04\/p1070244-400x300.jpg 400w, https:\/\/www.zsben.cz\/wordpress\/wp-content\/uploads\/2009\/04\/p1070244-1024x768.jpg 1024w, https:\/\/www.zsben.cz\/wordpress\/wp-content\/uploads\/2009\/04\/p1070244.jpg 2048w\" sizes=\"auto, (max-width: 400px) 100vw, 400px\" \/><\/a><\/p>\n<p>Po skon\u010den\u00ed \u201eceloaydinsk\u00e9ho sletu&#8221; jsme spolu s na\u0161imi tureck\u00fdmi a \u0161pan\u011blsk\u00fdmi p\u0159\u00e1teli odjeli do centra m\u011bsta, prohl\u00e9dli si me\u0161itu a m\u011bli \u010das i na n\u00e1kup drobn\u00fdch d\u00e1rk\u016f pro rodi\u010de a kamar\u00e1dy.<br \/>\n<a href=\"http:\/\/www.zsben.cz\/wordpress\/wp-content\/uploads\/2009\/04\/p1070250.jpg\"><img loading=\"lazy\" decoding=\"async\" class=\"alignnone size-medium wp-image-800\" title=\"p1070250\" src=\"http:\/\/www.zsben.cz\/wordpress\/wp-content\/uploads\/2009\/04\/p1070250-300x400.jpg\" alt=\"p1070250\" width=\"300\" height=\"400\" srcset=\"https:\/\/www.zsben.cz\/wordpress\/wp-content\/uploads\/2009\/04\/p1070250-300x400.jpg 300w, https:\/\/www.zsben.cz\/wordpress\/wp-content\/uploads\/2009\/04\/p1070250-768x1024.jpg 768w, https:\/\/www.zsben.cz\/wordpress\/wp-content\/uploads\/2009\/04\/p1070250.jpg 1536w\" sizes=\"auto, (max-width: 300px) 100vw, 300px\" \/><\/a><\/p>\n<p><a href=\"http:\/\/www.zsben.cz\/wordpress\/wp-content\/uploads\/2009\/04\/p1070257.jpg\"><img loading=\"lazy\" decoding=\"async\" class=\"alignnone size-medium wp-image-801\" title=\"p1070257\" src=\"http:\/\/www.zsben.cz\/wordpress\/wp-content\/uploads\/2009\/04\/p1070257-400x300.jpg\" alt=\"p1070257\" width=\"400\" height=\"300\" srcset=\"https:\/\/www.zsben.cz\/wordpress\/wp-content\/uploads\/2009\/04\/p1070257-400x300.jpg 400w, https:\/\/www.zsben.cz\/wordpress\/wp-content\/uploads\/2009\/04\/p1070257-1024x768.jpg 1024w, https:\/\/www.zsben.cz\/wordpress\/wp-content\/uploads\/2009\/04\/p1070257.jpg 2048w\" sizes=\"auto, (max-width: 400px) 100vw, 400px\" \/><\/a><br \/>\nZ centra m\u011bsta jsme pak odjeli do \u0161koly, kde pro n\u00e1s p\u0159ipravili na\u0161i p\u0159\u00e1tel\u00e9 chutn\u00fd ob\u011bd. N\u011bkte\u0159\u00ed z n\u00e1s dok\u00e1zali sn\u00edst i 2 kilogramy jahod.<\/p>\n<p><a href=\"http:\/\/www.zsben.cz\/wordpress\/wp-content\/uploads\/2009\/04\/p1070285.jpg\"><img loading=\"lazy\" decoding=\"async\" class=\"alignnone size-medium wp-image-802\" title=\"p1070285\" src=\"http:\/\/www.zsben.cz\/wordpress\/wp-content\/uploads\/2009\/04\/p1070285-400x300.jpg\" alt=\"p1070285\" width=\"400\" height=\"300\" srcset=\"https:\/\/www.zsben.cz\/wordpress\/wp-content\/uploads\/2009\/04\/p1070285-400x300.jpg 400w, https:\/\/www.zsben.cz\/wordpress\/wp-content\/uploads\/2009\/04\/p1070285-1024x768.jpg 1024w, https:\/\/www.zsben.cz\/wordpress\/wp-content\/uploads\/2009\/04\/p1070285.jpg 2048w\" sizes=\"auto, (max-width: 400px) 100vw, 400px\" \/><\/a><\/p>\n<p><a href=\"http:\/\/www.zsben.cz\/wordpress\/wp-content\/uploads\/2009\/04\/p1070289.jpg\"><img loading=\"lazy\" decoding=\"async\" class=\"alignnone size-medium wp-image-803\" title=\"p1070289\" src=\"http:\/\/www.zsben.cz\/wordpress\/wp-content\/uploads\/2009\/04\/p1070289-400x300.jpg\" alt=\"p1070289\" width=\"400\" height=\"300\" srcset=\"https:\/\/www.zsben.cz\/wordpress\/wp-content\/uploads\/2009\/04\/p1070289-400x300.jpg 400w, https:\/\/www.zsben.cz\/wordpress\/wp-content\/uploads\/2009\/04\/p1070289-1024x768.jpg 1024w, https:\/\/www.zsben.cz\/wordpress\/wp-content\/uploads\/2009\/04\/p1070289.jpg 2048w\" sizes=\"auto, (max-width: 400px) 100vw, 400px\" \/><\/a><\/p>\n<p>Po ob\u011bd\u011b jsme pak m\u011bli mo\u017enost \u017easnout nad kr\u00e1sou antick\u00fdch pam\u00e1tek, kter\u00e9 se jako mimochodem nach\u00e1z\u00ed v\u0161ude v okol\u00ed. My jsme vyrazili k Trales &#8211; poz\u016fstatky starobyl\u00e9ho antick\u00e9ho m\u011bsta nach\u00e1zej\u00edc\u00ed asi 2 km nad Aydinem. Nedaleko t\u00e9to pam\u00e1tky jsme si v\u0161imli tureck\u00fdch d\u011bv\u010dat tr\u00e9nuj\u00edc\u00edch volejbal.<\/p>\n<p><a href=\"http:\/\/www.zsben.cz\/wordpress\/wp-content\/uploads\/2009\/04\/p1070294.jpg\"><img loading=\"lazy\" decoding=\"async\" class=\"alignnone size-medium wp-image-804\" title=\"p1070294\" src=\"http:\/\/www.zsben.cz\/wordpress\/wp-content\/uploads\/2009\/04\/p1070294-400x300.jpg\" alt=\"p1070294\" width=\"400\" height=\"300\" srcset=\"https:\/\/www.zsben.cz\/wordpress\/wp-content\/uploads\/2009\/04\/p1070294-400x300.jpg 400w, https:\/\/www.zsben.cz\/wordpress\/wp-content\/uploads\/2009\/04\/p1070294-1024x768.jpg 1024w, https:\/\/www.zsben.cz\/wordpress\/wp-content\/uploads\/2009\/04\/p1070294.jpg 2048w\" sizes=\"auto, (max-width: 400px) 100vw, 400px\" \/><\/a><\/p>\n<p><a href=\"http:\/\/www.zsben.cz\/wordpress\/wp-content\/uploads\/2009\/04\/p1070305.jpg\"><img loading=\"lazy\" decoding=\"async\" class=\"alignnone size-medium wp-image-805\" title=\"p1070305\" src=\"http:\/\/www.zsben.cz\/wordpress\/wp-content\/uploads\/2009\/04\/p1070305-400x300.jpg\" alt=\"p1070305\" width=\"400\" height=\"300\" srcset=\"https:\/\/www.zsben.cz\/wordpress\/wp-content\/uploads\/2009\/04\/p1070305-400x300.jpg 400w, https:\/\/www.zsben.cz\/wordpress\/wp-content\/uploads\/2009\/04\/p1070305-1024x768.jpg 1024w, https:\/\/www.zsben.cz\/wordpress\/wp-content\/uploads\/2009\/04\/p1070305.jpg 2048w\" sizes=\"auto, (max-width: 400px) 100vw, 400px\" \/><\/a><br \/>\nNa\u0161i chlapci si hned prvn\u00ed den domluvili mezist\u00e1tn\u00ed utk\u00e1n\u00ed ve fotbalu a jeho \u010das p\u0159i\u0161el odpoledne. V\u00fdsledek utk\u00e1n\u00ed skon\u010dil tak, jak se na p\u0159\u00e1telsk\u00e9 utk\u00e1n\u00ed p\u0159i mezist\u00e1tn\u00ed n\u00e1v\u0161t\u011bv\u011b slu\u0161\u00ed a pat\u0159\u00ed 7:7.<\/p>\n<p><a href=\"http:\/\/www.zsben.cz\/wordpress\/wp-content\/uploads\/2009\/04\/p1070326.jpg\"><img loading=\"lazy\" decoding=\"async\" class=\"alignnone size-medium wp-image-806\" title=\"p1070326\" src=\"http:\/\/www.zsben.cz\/wordpress\/wp-content\/uploads\/2009\/04\/p1070326-400x300.jpg\" alt=\"p1070326\" width=\"400\" height=\"300\" srcset=\"https:\/\/www.zsben.cz\/wordpress\/wp-content\/uploads\/2009\/04\/p1070326-400x300.jpg 400w, https:\/\/www.zsben.cz\/wordpress\/wp-content\/uploads\/2009\/04\/p1070326-1024x768.jpg 1024w, https:\/\/www.zsben.cz\/wordpress\/wp-content\/uploads\/2009\/04\/p1070326.jpg 2048w\" sizes=\"auto, (max-width: 400px) 100vw, 400px\" \/><\/a><\/p>\n<p>Nave\u010der jsme se pak spole\u010dn\u011b p\u0159esunuli na \u0161koln\u00ed dv\u016fr a sledovali p\u0159edstaven\u00ed pln\u00e9 n\u00e1rodn\u00edch p\u00edsn\u00ed a tanc\u016f. V\u0161ichni \u00fa\u010dinkuj\u00edc\u00ed byli \u017e\u00e1ci na\u0161\u00ed partnersk\u00e9 \u0161koly od 1. do 9. t\u0159\u00eddy.<\/p>\n<p><a href=\"http:\/\/www.zsben.cz\/wordpress\/wp-content\/uploads\/2009\/04\/p1070375.jpg\"><img loading=\"lazy\" decoding=\"async\" class=\"alignnone size-medium wp-image-807\" title=\"p1070375\" src=\"http:\/\/www.zsben.cz\/wordpress\/wp-content\/uploads\/2009\/04\/p1070375-400x300.jpg\" alt=\"p1070375\" width=\"400\" height=\"300\" srcset=\"https:\/\/www.zsben.cz\/wordpress\/wp-content\/uploads\/2009\/04\/p1070375-400x300.jpg 400w, https:\/\/www.zsben.cz\/wordpress\/wp-content\/uploads\/2009\/04\/p1070375-1024x768.jpg 1024w, https:\/\/www.zsben.cz\/wordpress\/wp-content\/uploads\/2009\/04\/p1070375.jpg 2048w\" sizes=\"auto, (max-width: 400px) 100vw, 400px\" \/><\/a><br \/>\nCel\u00fd den jsme pak ukon\u010dili spole\u010dnou slavnostn\u00ed ve\u010de\u0159\u00ed ve skv\u011bl\u00e9 restauraci s n\u00e1dhern\u00fdm v\u00fdhledem na no\u010dn\u00ed Aydin.<br \/>\n<a href=\"http:\/\/www.zsben.cz\/wordpress\/wp-content\/uploads\/2009\/04\/p1070414.jpg\"><img loading=\"lazy\" decoding=\"async\" class=\"alignnone size-medium wp-image-797\" title=\"p1070414\" src=\"http:\/\/www.zsben.cz\/wordpress\/wp-content\/uploads\/2009\/04\/p1070414-400x300.jpg\" alt=\"p1070414\" width=\"400\" height=\"300\" srcset=\"https:\/\/www.zsben.cz\/wordpress\/wp-content\/uploads\/2009\/04\/p1070414-400x300.jpg 400w, https:\/\/www.zsben.cz\/wordpress\/wp-content\/uploads\/2009\/04\/p1070414-1024x768.jpg 1024w, https:\/\/www.zsben.cz\/wordpress\/wp-content\/uploads\/2009\/04\/p1070414.jpg 2048w\" sizes=\"auto, (max-width: 400px) 100vw, 400px\" \/><\/a><br \/>\nZ\u00edtra n\u00e1s u\u017e \u010dek\u00e1 jen odlet dom\u016f. Tak na vid\u011bnou p\u0159\u00e1tel\u00e9 a ahoj Turecko.<\/p>\n<p>Na kompletn\u00ed fotogalerii se m\u016f\u017eete \u00a0t\u011b\u0161it.<\/p>\n<div class=\"fcbkbttn_buttons_block\" id=\"fcbkbttn_left\"><div class=\"fcbkbttn_like \"><div class=\"fb-like fb-like-button_count\" data-href=\"https:\/\/www.zsben.cz\/wordpress\/?p=796\" data-colorscheme=\"light\" data-layout=\"button_count\" data-action=\"like\"  data-size=\"small\"><\/div><\/div><div class=\"fb-share-button  \" data-href=\"https:\/\/www.zsben.cz\/wordpress\/?p=796\" data-type=\"button_count\" data-size=\"small\"><\/div><\/div>","protected":false},"excerpt":{"rendered":"<p>Cel\u00fd den se nesl ve znamen\u00ed oslav tureck\u00e9ho sv\u00e1tku dne d\u011bt\u00ed. Na rozd\u00edl od \u010cesk\u00e9 republiky a ostatn\u00edch zem\u00ed v Turecku v\u011bnoval 23. duben d\u011btem slavn\u00fd v\u016fdce tureck\u00e9ho n\u00e1roda Atat\u00fcrk. Nejd\u0159\u00edve jsme tedy sledovala slavnostn\u00ed vystoupen\u00ed na aydinsk\u00e9m fotbalov\u00e9m stadionu. Oslavy trochu p\u0159ipom\u00ednali kdysi v \u010cesk\u00e9 republice slaven\u00fd 1. kv\u011bten. Po \u00favodn\u00edch projevech d\u016fle\u017eit\u00fdch aydinsk\u00fdch [&hellip;]<\/p>\n","protected":false},"author":1,"featured_media":0,"comment_status":"closed","ping_status":"closed","sticky":false,"template":"","format":"standard","meta":{"ngg_post_thumbnail":0,"footnotes":""},"categories":[1],"tags":[],"class_list":["post-796","post","type-post","status-publish","format-standard","hentry","category-aktuality"],"_links":{"self":[{"href":"https:\/\/www.zsben.cz\/wordpress\/index.php?rest_route=\/wp\/v2\/posts\/796","targetHints":{"allow":["GET"]}}],"collection":[{"href":"https:\/\/www.zsben.cz\/wordpress\/index.php?rest_route=\/wp\/v2\/posts"}],"about":[{"href":"https:\/\/www.zsben.cz\/wordpress\/index.php?rest_route=\/wp\/v2\/types\/post"}],"author":[{"embeddable":true,"href":"https:\/\/www.zsben.cz\/wordpress\/index.php?rest_route=\/wp\/v2\/users\/1"}],"replies":[{"embeddable":true,"href":"https:\/\/www.zsben.cz\/wordpress\/index.php?rest_route=%2Fwp%2Fv2%2Fcomments&post=796"}],"version-history":[{"count":4,"href":"https:\/\/www.zsben.cz\/wordpress\/index.php?rest_route=\/wp\/v2\/posts\/796\/revisions"}],"predecessor-version":[{"id":810,"href":"https:\/\/www.zsben.cz\/wordpress\/index.php?rest_route=\/wp\/v2\/posts\/796\/revisions\/810"}],"wp:attachment":[{"href":"https:\/\/www.zsben.cz\/wordpress\/index.php?rest_route=%2Fwp%2Fv2%2Fmedia&parent=796"}],"wp:term":[{"taxonomy":"category","embeddable":true,"href":"https:\/\/www.zsben.cz\/wordpress\/index.php?rest_route=%2Fwp%2Fv2%2Fcategories&post=796"},{"taxonomy":"post_tag","embeddable":true,"href":"https:\/\/www.zsben.cz\/wordpress\/index.php?rest_route=%2Fwp%2Fv2%2Ftags&post=796"}],"curies":[{"name":"wp","href":"https:\/\/api.w.org\/{rel}","templated":true}]}}