{"id":78626,"date":"2019-07-22T12:05:01","date_gmt":"2019-07-22T10:05:01","guid":{"rendered":"https:\/\/www.zsben.cz\/wordpress\/?p=78626"},"modified":"2019-07-22T12:05:01","modified_gmt":"2019-07-22T10:05:01","slug":"slavnostni-vyrazeni-zaku-9-trid-5","status":"publish","type":"post","link":"https:\/\/www.zsben.cz\/wordpress\/?p=78626","title":{"rendered":"Slavnostn\u00ed vy\u0159azen\u00ed \u017e\u00e1k\u016f 9. t\u0159\u00edd"},"content":{"rendered":"<p>Pr\u00e1zdniny jsou ji\u017e v pln\u00e9m proudu a my bychom v tomto p\u0159\u00edsp\u011bvku cht\u011bli je\u0161t\u011b p\u0159ipomenout konec \u0161koln\u00edho roku a s n\u00edm spojen\u00e9 tradi\u010dn\u00ed vy\u0159azov\u00e1n\u00ed \u017e\u00e1k\u016f dev\u00e1t\u00fdch t\u0159\u00edd. I letos to bylo ve velk\u00e9m stylu. Hledi\u0161t\u011b bylo t\u00e9m\u011b\u0159 pln\u00e9 a v\u0161ichni se t\u011b\u0161ili, co jim na\u0161i \u010derstv\u00ed absolventi p\u0159edvedou. A bylo se na co d\u00edvat. Vystoupen\u00ed m\u011bly v\u0161echny t\u0159i t\u0159\u00eddy skv\u011bl\u00e1 a z\u00e1bavn\u00e1. P\u0159ejeme v\u0161em kr\u00e1sn\u00e9 pr\u00e1zdniny a \u0161\u0165astn\u00e9 vykro\u010den\u00ed do dal\u0161\u00ed kapitoly \u017eivota na st\u0159edn\u00edch \u0161kol\u00e1ch, gymn\u00e1zi\u00edch, u\u010dili\u0161t\u00edch u n\u00e1s i ve sv\u011bt\u011b.<\/p>\nngg_shortcode_0_placeholder\n<div class=\"fcbkbttn_buttons_block\" id=\"fcbkbttn_left\"><div class=\"fcbkbttn_like \"><div class=\"fb-like fb-like-button_count\" data-href=\"https:\/\/www.zsben.cz\/wordpress\/?p=78626\" data-colorscheme=\"light\" data-layout=\"button_count\" data-action=\"like\"  data-size=\"small\"><\/div><\/div><div class=\"fb-share-button  \" data-href=\"https:\/\/www.zsben.cz\/wordpress\/?p=78626\" data-type=\"button_count\" data-size=\"small\"><\/div><\/div>","protected":false},"excerpt":{"rendered":"<p>Pr\u00e1zdniny jsou ji\u017e v pln\u00e9m proudu a my bychom v tomto p\u0159\u00edsp\u011bvku cht\u011bli je\u0161t\u011b p\u0159ipomenout konec \u0161koln\u00edho roku a s n\u00edm spojen\u00e9 tradi\u010dn\u00ed vy\u0159azov\u00e1n\u00ed \u017e\u00e1k\u016f dev\u00e1t\u00fdch t\u0159\u00edd. I letos to bylo ve velk\u00e9m stylu. Hledi\u0161t\u011b bylo t\u00e9m\u011b\u0159 pln\u00e9 a v\u0161ichni se t\u011b\u0161ili, co jim na\u0161i \u010derstv\u00ed absolventi p\u0159edvedou. A bylo se na co d\u00edvat. Vystoupen\u00ed [&hellip;]<\/p>\n","protected":false},"author":1,"featured_media":0,"comment_status":"closed","ping_status":"closed","sticky":false,"template":"","format":"standard","meta":{"ngg_post_thumbnail":0,"footnotes":""},"categories":[1],"tags":[],"class_list":["post-78626","post","type-post","status-publish","format-standard","hentry","category-aktuality"],"_links":{"self":[{"href":"https:\/\/www.zsben.cz\/wordpress\/index.php?rest_route=\/wp\/v2\/posts\/78626","targetHints":{"allow":["GET"]}}],"collection":[{"href":"https:\/\/www.zsben.cz\/wordpress\/index.php?rest_route=\/wp\/v2\/posts"}],"about":[{"href":"https:\/\/www.zsben.cz\/wordpress\/index.php?rest_route=\/wp\/v2\/types\/post"}],"author":[{"embeddable":true,"href":"https:\/\/www.zsben.cz\/wordpress\/index.php?rest_route=\/wp\/v2\/users\/1"}],"replies":[{"embeddable":true,"href":"https:\/\/www.zsben.cz\/wordpress\/index.php?rest_route=%2Fwp%2Fv2%2Fcomments&post=78626"}],"version-history":[{"count":1,"href":"https:\/\/www.zsben.cz\/wordpress\/index.php?rest_route=\/wp\/v2\/posts\/78626\/revisions"}],"predecessor-version":[{"id":79080,"href":"https:\/\/www.zsben.cz\/wordpress\/index.php?rest_route=\/wp\/v2\/posts\/78626\/revisions\/79080"}],"wp:attachment":[{"href":"https:\/\/www.zsben.cz\/wordpress\/index.php?rest_route=%2Fwp%2Fv2%2Fmedia&parent=78626"}],"wp:term":[{"taxonomy":"category","embeddable":true,"href":"https:\/\/www.zsben.cz\/wordpress\/index.php?rest_route=%2Fwp%2Fv2%2Fcategories&post=78626"},{"taxonomy":"post_tag","embeddable":true,"href":"https:\/\/www.zsben.cz\/wordpress\/index.php?rest_route=%2Fwp%2Fv2%2Ftags&post=78626"}],"curies":[{"name":"wp","href":"https:\/\/api.w.org\/{rel}","templated":true}]}}