{"id":784,"date":"2009-04-22T18:59:13","date_gmt":"2009-04-22T17:59:13","guid":{"rendered":"http:\/\/www.zsben.cz\/wordpress\/?p=784"},"modified":"2009-04-22T18:59:13","modified_gmt":"2009-04-22T17:59:13","slug":"zdravime-z-turecka","status":"publish","type":"post","link":"https:\/\/www.zsben.cz\/wordpress\/?p=784","title":{"rendered":"Zdrav\u00edme z Turecka"},"content":{"rendered":"<p>Po n\u00e1ro\u010dn\u00e9m dni pln\u00e9m n\u00e1v\u0161t\u011bv na\u0161ich tureck\u00fdch p\u0159\u00e1tel z r\u016fzn\u00fdch typ\u016f \u0161kol se s V\u00e1mi chceme pod\u011blit o z\u00e1\u017eitky z prvn\u00edho dne na\u0161\u00ed cesty do tureck\u00e9ho Aydinu. Douf\u00e1me, \u017ee v\u00e1s n\u00e1sleduj\u00edc\u00ed sn\u00edmky vt\u00e1hnou do \u00fa\u017easn\u00e9 atmosf\u00e9ry na\u0161eho pobytu v t\u00e9to zemi.<\/p>\n<h2>1. den &#8211; cesta<\/h2>\n<p><a href=\"http:\/\/www.zsben.cz\/wordpress\/wp-content\/uploads\/2009\/04\/dscn0870.jpg\"><img loading=\"lazy\" decoding=\"async\" class=\"alignnone size-medium wp-image-785\" title=\"dscn0870\" src=\"http:\/\/www.zsben.cz\/wordpress\/wp-content\/uploads\/2009\/04\/dscn0870-400x300.jpg\" alt=\"dscn0870\" width=\"400\" height=\"300\" srcset=\"https:\/\/www.zsben.cz\/wordpress\/wp-content\/uploads\/2009\/04\/dscn0870-400x300.jpg 400w, https:\/\/www.zsben.cz\/wordpress\/wp-content\/uploads\/2009\/04\/dscn0870-1024x768.jpg 1024w\" sizes=\"auto, (max-width: 400px) 100vw, 400px\" \/><\/a><\/p>\n<p>V \u00fater\u00fd odpoledne jsme z pra\u017esk\u00e9 Ruzyn\u011b odl\u00e9tli do Tureck\u00e9ho Istanbulu a odtud pak do Izmiru.\u00a0 Cel\u00e1 cesta n\u00e1m trvala t\u00e9m\u011b\u0159 11 hodin.<\/p>\n<h2>2. den &#8211; Ve znamen\u00ed tureck\u00e9ho \u0161kolstv\u00ed<\/h2>\n<p>B\u011bhem dne\u0161n\u00edho dne jsme absolvovali n\u00e1ro\u010dn\u00fd program \u010d\u00edtaj\u00edc\u00ed n\u00e1v\u0161t\u011bvu r\u016fzn\u00fdch typ\u016f \u0161kol v Aydinu.<\/p>\n<p>Za\u010dali jsme v na\u0161\u00ed partnersk\u00e9\u00a0 z\u00e1kladn\u00ed \u0161kole.\u00a0 Spole\u010dn\u011b jsme absolvovali hodiny anglick\u00e9ho jazyka a rozdali jsme p\u00e1r d\u00e1rk\u016f \u017e\u00e1k\u016fm, se kter\u00fdmi jsme p\u0159i v\u00fduce hovo\u0159ili o na\u0161\u00ed republice.<\/p>\n<p><a href=\"http:\/\/www.zsben.cz\/wordpress\/wp-content\/uploads\/2009\/04\/p4228479.jpg\"><img loading=\"lazy\" decoding=\"async\" class=\"alignnone size-medium wp-image-786\" title=\"p4228479\" src=\"http:\/\/www.zsben.cz\/wordpress\/wp-content\/uploads\/2009\/04\/p4228479-400x300.jpg\" alt=\"p4228479\" width=\"400\" height=\"300\" srcset=\"https:\/\/www.zsben.cz\/wordpress\/wp-content\/uploads\/2009\/04\/p4228479-400x300.jpg 400w, https:\/\/www.zsben.cz\/wordpress\/wp-content\/uploads\/2009\/04\/p4228479-1024x768.jpg 1024w, https:\/\/www.zsben.cz\/wordpress\/wp-content\/uploads\/2009\/04\/p4228479.jpg 2048w\" sizes=\"auto, (max-width: 400px) 100vw, 400px\" \/><\/a><\/p>\n<p>Druh\u00e1 zast\u00e1vka byla v mate\u0159sk\u00e9 \u0161kole. Prohl\u00e9dli jsme si jej\u00ed vyzdoben\u00e9 prostory a spole\u010dn\u011b jsme uznali, \u017ee vybaven\u00ed \u0161koly je t\u00e9m\u011b\u0159 stejn\u00e9 jako u n\u00e1s.<\/p>\n<p><a href=\"http:\/\/www.zsben.cz\/wordpress\/wp-content\/uploads\/2009\/04\/p4228499.jpg\"><img loading=\"lazy\" decoding=\"async\" class=\"alignnone size-medium wp-image-787\" title=\"p4228499\" src=\"http:\/\/www.zsben.cz\/wordpress\/wp-content\/uploads\/2009\/04\/p4228499-400x300.jpg\" alt=\"p4228499\" width=\"400\" height=\"300\" srcset=\"https:\/\/www.zsben.cz\/wordpress\/wp-content\/uploads\/2009\/04\/p4228499-400x300.jpg 400w, https:\/\/www.zsben.cz\/wordpress\/wp-content\/uploads\/2009\/04\/p4228499-1024x768.jpg 1024w, https:\/\/www.zsben.cz\/wordpress\/wp-content\/uploads\/2009\/04\/p4228499.jpg 2048w\" sizes=\"auto, (max-width: 400px) 100vw, 400px\" \/><\/a><a href=\"http:\/\/www.zsben.cz\/wordpress\/wp-content\/uploads\/2009\/04\/p1070139.jpg\"><img loading=\"lazy\" decoding=\"async\" class=\"alignnone size-medium wp-image-788\" title=\"p1070139\" src=\"http:\/\/www.zsben.cz\/wordpress\/wp-content\/uploads\/2009\/04\/p1070139-400x300.jpg\" alt=\"p1070139\" width=\"400\" height=\"300\" srcset=\"https:\/\/www.zsben.cz\/wordpress\/wp-content\/uploads\/2009\/04\/p1070139-400x300.jpg 400w, https:\/\/www.zsben.cz\/wordpress\/wp-content\/uploads\/2009\/04\/p1070139-1024x768.jpg 1024w, https:\/\/www.zsben.cz\/wordpress\/wp-content\/uploads\/2009\/04\/p1070139.jpg 2048w\" sizes=\"auto, (max-width: 400px) 100vw, 400px\" \/><\/a><\/p>\n<p>V mate\u0159sk\u00e9 \u0161kole jme m\u011bli p\u0159ipraven\u00fd typick\u00fd tureck\u00fd ob\u011bd (jogurtov\u00e1 pol\u00e9vka, pln\u011bn\u00fd paprikov\u00fd lusk s masovou sm\u011bs\u00ed a bramborov\u00fdm sal\u00e1tem a velice neobvykl\u00fd dezert &#8211; sladk\u00e9 sma\u017een\u00e9 nudle slisovan\u00e9 do kosti\u010dky s o\u0159\u00ed\u0161ky uvnit\u0159 a zdoben\u00e9 \u0161leha\u010dkov\u00fdm kr\u00e9mem). V na\u0161\u00ed v\u00fdprav\u011b se na\u0161li n\u011bkte\u0159\u00ed odv\u00e1\u017elivci, kte\u0159\u00ed sn\u011bdli v\u0161echny chody.<\/p>\n<p><a href=\"http:\/\/www.zsben.cz\/wordpress\/wp-content\/uploads\/2009\/04\/p1070150.jpg\"><img loading=\"lazy\" decoding=\"async\" class=\"alignnone size-medium wp-image-789\" title=\"p1070150\" src=\"http:\/\/www.zsben.cz\/wordpress\/wp-content\/uploads\/2009\/04\/p1070150-400x300.jpg\" alt=\"p1070150\" width=\"400\" height=\"300\" srcset=\"https:\/\/www.zsben.cz\/wordpress\/wp-content\/uploads\/2009\/04\/p1070150-400x300.jpg 400w, https:\/\/www.zsben.cz\/wordpress\/wp-content\/uploads\/2009\/04\/p1070150-1024x768.jpg 1024w, https:\/\/www.zsben.cz\/wordpress\/wp-content\/uploads\/2009\/04\/p1070150.jpg 2048w\" sizes=\"auto, (max-width: 400px) 100vw, 400px\" \/><\/a><\/p>\n<p>Po ob\u011bd\u011b jsme se p\u0159esunuli minibusem do nedalek\u00e9ho Region\u00e1ln\u00edho vzd\u011bl\u00e1vac\u00ed \u00fa\u0159adu a setkali jsme se s \u0159editelem t\u00e9to instituce.<\/p>\n<p><a href=\"http:\/\/www.zsben.cz\/wordpress\/wp-content\/uploads\/2009\/04\/p1070169.jpg\"><img loading=\"lazy\" decoding=\"async\" class=\"alignnone size-medium wp-image-790\" title=\"p1070169\" src=\"http:\/\/www.zsben.cz\/wordpress\/wp-content\/uploads\/2009\/04\/p1070169-400x300.jpg\" alt=\"p1070169\" width=\"400\" height=\"300\" srcset=\"https:\/\/www.zsben.cz\/wordpress\/wp-content\/uploads\/2009\/04\/p1070169-400x300.jpg 400w, https:\/\/www.zsben.cz\/wordpress\/wp-content\/uploads\/2009\/04\/p1070169-1024x768.jpg 1024w, https:\/\/www.zsben.cz\/wordpress\/wp-content\/uploads\/2009\/04\/p1070169.jpg 2048w\" sizes=\"auto, (max-width: 400px) 100vw, 400px\" \/><\/a><\/p>\n<p>Po ofici\u00e1ln\u00ed n\u00e1v\u0161t\u011bv\u011b \u00fa\u0159adu n\u00e1sledovala dal\u0161\u00ed zast\u00e1vka ve st\u0159edn\u00ed um\u011bleck\u00e9 \u0161kole v Aydinu (obor v\u00fdtvarn\u00fd a hudebn\u00ed).<\/p>\n<p><a href=\"http:\/\/www.zsben.cz\/wordpress\/wp-content\/uploads\/2009\/04\/p1010304.jpg\"><img loading=\"lazy\" decoding=\"async\" class=\"alignnone size-medium wp-image-791\" title=\"p1010304\" src=\"http:\/\/www.zsben.cz\/wordpress\/wp-content\/uploads\/2009\/04\/p1010304-400x300.jpg\" alt=\"p1010304\" width=\"400\" height=\"300\" srcset=\"https:\/\/www.zsben.cz\/wordpress\/wp-content\/uploads\/2009\/04\/p1010304-400x300.jpg 400w, https:\/\/www.zsben.cz\/wordpress\/wp-content\/uploads\/2009\/04\/p1010304-1024x768.jpg 1024w\" sizes=\"auto, (max-width: 400px) 100vw, 400px\" \/><\/a><\/p>\n<p>Na z\u00e1v\u011br \u0161koln\u00edch exkurz\u00ed jsme se pod\u00edvali do vyskoko\u0161kolsk\u00e9ho kampusu situovan\u00e9ho v hor\u00e1ch nad Aydinem.\u00a0 Z toho m\u00edsta byl p\u0159ekr\u00e1sn\u00fd v\u00fdhled na cel\u00e9 m\u011bsto.<\/p>\n<p><a href=\"http:\/\/www.zsben.cz\/wordpress\/wp-content\/uploads\/2009\/04\/p1010348.jpg\"><img loading=\"lazy\" decoding=\"async\" class=\"alignnone size-medium wp-image-792\" title=\"p1010348\" src=\"http:\/\/www.zsben.cz\/wordpress\/wp-content\/uploads\/2009\/04\/p1010348-400x300.jpg\" alt=\"p1010348\" width=\"400\" height=\"300\" srcset=\"https:\/\/www.zsben.cz\/wordpress\/wp-content\/uploads\/2009\/04\/p1010348-400x300.jpg 400w, https:\/\/www.zsben.cz\/wordpress\/wp-content\/uploads\/2009\/04\/p1010348-1024x768.jpg 1024w\" sizes=\"auto, (max-width: 400px) 100vw, 400px\" \/><\/a><a href=\"http:\/\/www.zsben.cz\/wordpress\/wp-content\/uploads\/2009\/04\/p4228534.jpg\"><img loading=\"lazy\" decoding=\"async\" class=\"alignnone size-medium wp-image-793\" title=\"p4228534\" src=\"http:\/\/www.zsben.cz\/wordpress\/wp-content\/uploads\/2009\/04\/p4228534-400x300.jpg\" alt=\"p4228534\" width=\"400\" height=\"300\" srcset=\"https:\/\/www.zsben.cz\/wordpress\/wp-content\/uploads\/2009\/04\/p4228534-400x300.jpg 400w, https:\/\/www.zsben.cz\/wordpress\/wp-content\/uploads\/2009\/04\/p4228534-1024x768.jpg 1024w, https:\/\/www.zsben.cz\/wordpress\/wp-content\/uploads\/2009\/04\/p4228534.jpg 2048w\" sizes=\"auto, (max-width: 400px) 100vw, 400px\" \/><\/a><\/p>\n<p>Ve\u010der n\u00e1s je\u0161t\u011b \u010dek\u00e1 setk\u00e1n\u00ed s na\u0161imi \u0161pan\u011blsk\u00fdmi p\u0159\u00e1teli a spole\u010dn\u00e1 pr\u00e1ce na budouc\u00edch v\u00fdstupech projektu (kalend\u00e1\u0159e a kniha n\u00e1rodn\u00edch p\u0159\u00edb\u011bh\u016f a poh\u00e1dek).<\/p>\n<div class=\"fcbkbttn_buttons_block\" id=\"fcbkbttn_left\"><div class=\"fcbkbttn_like \"><div class=\"fb-like fb-like-button_count\" data-href=\"https:\/\/www.zsben.cz\/wordpress\/?p=784\" data-colorscheme=\"light\" data-layout=\"button_count\" data-action=\"like\"  data-size=\"small\"><\/div><\/div><div class=\"fb-share-button  \" data-href=\"https:\/\/www.zsben.cz\/wordpress\/?p=784\" data-type=\"button_count\" data-size=\"small\"><\/div><\/div>","protected":false},"excerpt":{"rendered":"<p>Po n\u00e1ro\u010dn\u00e9m dni pln\u00e9m n\u00e1v\u0161t\u011bv na\u0161ich tureck\u00fdch p\u0159\u00e1tel z r\u016fzn\u00fdch typ\u016f \u0161kol se s V\u00e1mi chceme pod\u011blit o z\u00e1\u017eitky z prvn\u00edho dne na\u0161\u00ed cesty do tureck\u00e9ho Aydinu. Douf\u00e1me, \u017ee v\u00e1s n\u00e1sleduj\u00edc\u00ed sn\u00edmky vt\u00e1hnou do \u00fa\u017easn\u00e9 atmosf\u00e9ry na\u0161eho pobytu v t\u00e9to zemi. 1. den &#8211; cesta V \u00fater\u00fd odpoledne jsme z pra\u017esk\u00e9 Ruzyn\u011b odl\u00e9tli do Tureck\u00e9ho [&hellip;]<\/p>\n","protected":false},"author":1,"featured_media":0,"comment_status":"closed","ping_status":"closed","sticky":false,"template":"","format":"standard","meta":{"ngg_post_thumbnail":0,"footnotes":""},"categories":[1],"tags":[],"class_list":["post-784","post","type-post","status-publish","format-standard","hentry","category-aktuality"],"_links":{"self":[{"href":"https:\/\/www.zsben.cz\/wordpress\/index.php?rest_route=\/wp\/v2\/posts\/784","targetHints":{"allow":["GET"]}}],"collection":[{"href":"https:\/\/www.zsben.cz\/wordpress\/index.php?rest_route=\/wp\/v2\/posts"}],"about":[{"href":"https:\/\/www.zsben.cz\/wordpress\/index.php?rest_route=\/wp\/v2\/types\/post"}],"author":[{"embeddable":true,"href":"https:\/\/www.zsben.cz\/wordpress\/index.php?rest_route=\/wp\/v2\/users\/1"}],"replies":[{"embeddable":true,"href":"https:\/\/www.zsben.cz\/wordpress\/index.php?rest_route=%2Fwp%2Fv2%2Fcomments&post=784"}],"version-history":[{"count":2,"href":"https:\/\/www.zsben.cz\/wordpress\/index.php?rest_route=\/wp\/v2\/posts\/784\/revisions"}],"predecessor-version":[{"id":795,"href":"https:\/\/www.zsben.cz\/wordpress\/index.php?rest_route=\/wp\/v2\/posts\/784\/revisions\/795"}],"wp:attachment":[{"href":"https:\/\/www.zsben.cz\/wordpress\/index.php?rest_route=%2Fwp%2Fv2%2Fmedia&parent=784"}],"wp:term":[{"taxonomy":"category","embeddable":true,"href":"https:\/\/www.zsben.cz\/wordpress\/index.php?rest_route=%2Fwp%2Fv2%2Fcategories&post=784"},{"taxonomy":"post_tag","embeddable":true,"href":"https:\/\/www.zsben.cz\/wordpress\/index.php?rest_route=%2Fwp%2Fv2%2Ftags&post=784"}],"curies":[{"name":"wp","href":"https:\/\/api.w.org\/{rel}","templated":true}]}}