{"id":771,"date":"2009-04-16T21:32:33","date_gmt":"2009-04-16T20:32:33","guid":{"rendered":"http:\/\/www.zsben.cz\/wordpress\/?p=771"},"modified":"2009-04-16T22:09:51","modified_gmt":"2009-04-16T21:09:51","slug":"projektovy-den","status":"publish","type":"post","link":"https:\/\/www.zsben.cz\/wordpress\/?p=771","title":{"rendered":"Projektov\u00fd den"},"content":{"rendered":"<p>V \u00fater\u00fd 14. dubna prob\u011bhl na na\u0161\u00ed \u0161kole ve v\u0161ech t\u0159\u00edd\u00e1ch projektov\u00fd den &#8220;Chran\u00edme sebe a p\u0159\u00edrodu&#8221;. Cel\u00fd den zah\u00e1jila pan\u00ed \u0159editelka\u00a0vyhl\u00e1\u0161en\u00edm cvi\u010dn\u00e9ho poplachu a hromadn\u00e9 cvi\u010dn\u00e9 evakuace cel\u00e9 \u0161koly. V\u0161ichni \u017e\u00e1ci se v po\u0159\u00e1dku dostali ven z budovy, t\u0159\u00eddn\u00ed u\u010ditel\u00e9 \u00a0je odvedli na se\u0159adi\u0161t\u011b a nezapom\u011bli ani na evakuaci t\u0159\u00eddn\u00edch knih.<\/p>\n<p>Po poplachu a evakuaci u\u017e byl \u010das na dal\u0161\u00ed aktivity odehr\u00e1vaj\u00edc\u00ed se p\u0159ev\u00e1\u017en\u011b v prostor\u00e1ch z\u00e1meck\u00e9ho parku Konopi\u0161t\u011b. \u017d\u00e1ci si vyzkou\u0161eli zab\u011bhnout orienta\u010dn\u00ed b\u011bh a popov\u00eddali si o orientaci v nezn\u00e1m\u00e9m ter\u00e9nu, p\u0159ekon\u00e1vali lanov\u00e9 p\u0159ek\u00e1\u017eky, opakovali si spole\u010dn\u011b se studentkami St\u0159edn\u00ed zdravotnick\u00e9 \u0161koly z\u00e1klady prvn\u00ed zdravotnick\u00e9 pomoci a prohloubili si znalosti a praktick\u00e9 dovednosti z oblasti p\u0159\u00edrodov\u011bdy a ekologie. Cel\u00e1 akce prob\u011bhla zd\u00e1rn\u011b d\u00edky pomoci \u017e\u00e1k\u016f a t\u0159\u00eddn\u00edch u\u010ditel\u016f 9. t\u0159\u00edd. Dev\u00e1\u0165\u00e1ci m\u011bli v\u0161echny \u010dinnosti d\u016fkladn\u011b p\u0159ipraven\u00e9 a sv\u00fdm mlad\u0161\u00edm spolu\u017e\u00e1k\u016fm se skute\u010dn\u011b v\u011bnovali. P\u00e1\u0165\u00e1ci si je\u0161t\u011b nakonec rozd\u011blali mal\u00fd po\u017e\u00e1r p\u0159ed \u0161kolou a sledovali &#8211; i si vyzkou\u0161eli- jeho likvidaci pomoc\u00ed r\u016fzn\u00fdch hasic\u00edch p\u0159\u00edstroj\u016f. N\u00e1zornou uk\u00e1zku v\u010detn\u011b fundovan\u00e9ho v\u00fdkladu provedla pan\u00ed Be\u0161\u0165\u00e1kov\u00e1 &#8211; n\u00e1\u0161 \u0161koln\u00ed &#8220;bezpe\u010dnostn\u00ed dozor&#8221;. Snad v\u0161em se cel\u00e1 akce l\u00edbila i d\u00edky kr\u00e1sn\u00e9mu po\u010das\u00ed se vyda\u0159ila. To ostatn\u011b dokazuj\u00ed i fotografie. Takt\u017ee projektov\u00e9mu dni zdar! &#8230; Nazdar!!!<\/p>\n<p style=\"text-align: center;\">ngg_shortcode_0_placeholder<\/p>\n<div class=\"fcbkbttn_buttons_block\" id=\"fcbkbttn_left\"><div class=\"fcbkbttn_like \"><div class=\"fb-like fb-like-button_count\" data-href=\"https:\/\/www.zsben.cz\/wordpress\/?p=771\" data-colorscheme=\"light\" data-layout=\"button_count\" data-action=\"like\"  data-size=\"small\"><\/div><\/div><div class=\"fb-share-button  \" data-href=\"https:\/\/www.zsben.cz\/wordpress\/?p=771\" data-type=\"button_count\" data-size=\"small\"><\/div><\/div>","protected":false},"excerpt":{"rendered":"<p>V \u00fater\u00fd 14. dubna prob\u011bhl na na\u0161\u00ed \u0161kole ve v\u0161ech t\u0159\u00edd\u00e1ch projektov\u00fd den &#8220;Chran\u00edme sebe a p\u0159\u00edrodu&#8221;. Cel\u00fd den zah\u00e1jila pan\u00ed \u0159editelka\u00a0vyhl\u00e1\u0161en\u00edm cvi\u010dn\u00e9ho poplachu a hromadn\u00e9 cvi\u010dn\u00e9 evakuace cel\u00e9 \u0161koly. V\u0161ichni \u017e\u00e1ci se v po\u0159\u00e1dku dostali ven z budovy, t\u0159\u00eddn\u00ed u\u010ditel\u00e9 \u00a0je odvedli na se\u0159adi\u0161t\u011b a nezapom\u011bli ani na evakuaci t\u0159\u00eddn\u00edch knih. Po poplachu a [&hellip;]<\/p>\n","protected":false},"author":1,"featured_media":0,"comment_status":"closed","ping_status":"closed","sticky":false,"template":"","format":"standard","meta":{"ngg_post_thumbnail":0,"footnotes":""},"categories":[1],"tags":[],"class_list":["post-771","post","type-post","status-publish","format-standard","hentry","category-aktuality"],"_links":{"self":[{"href":"https:\/\/www.zsben.cz\/wordpress\/index.php?rest_route=\/wp\/v2\/posts\/771","targetHints":{"allow":["GET"]}}],"collection":[{"href":"https:\/\/www.zsben.cz\/wordpress\/index.php?rest_route=\/wp\/v2\/posts"}],"about":[{"href":"https:\/\/www.zsben.cz\/wordpress\/index.php?rest_route=\/wp\/v2\/types\/post"}],"author":[{"embeddable":true,"href":"https:\/\/www.zsben.cz\/wordpress\/index.php?rest_route=\/wp\/v2\/users\/1"}],"replies":[{"embeddable":true,"href":"https:\/\/www.zsben.cz\/wordpress\/index.php?rest_route=%2Fwp%2Fv2%2Fcomments&post=771"}],"version-history":[{"count":12,"href":"https:\/\/www.zsben.cz\/wordpress\/index.php?rest_route=\/wp\/v2\/posts\/771\/revisions"}],"predecessor-version":[{"id":778,"href":"https:\/\/www.zsben.cz\/wordpress\/index.php?rest_route=\/wp\/v2\/posts\/771\/revisions\/778"}],"wp:attachment":[{"href":"https:\/\/www.zsben.cz\/wordpress\/index.php?rest_route=%2Fwp%2Fv2%2Fmedia&parent=771"}],"wp:term":[{"taxonomy":"category","embeddable":true,"href":"https:\/\/www.zsben.cz\/wordpress\/index.php?rest_route=%2Fwp%2Fv2%2Fcategories&post=771"},{"taxonomy":"post_tag","embeddable":true,"href":"https:\/\/www.zsben.cz\/wordpress\/index.php?rest_route=%2Fwp%2Fv2%2Ftags&post=771"}],"curies":[{"name":"wp","href":"https:\/\/api.w.org\/{rel}","templated":true}]}}