{"id":768,"date":"2009-04-15T19:46:25","date_gmt":"2009-04-15T18:46:25","guid":{"rendered":"http:\/\/www.zsben.cz\/wordpress\/?p=768"},"modified":"2009-04-15T19:47:03","modified_gmt":"2009-04-15T18:47:03","slug":"preventan-cup","status":"publish","type":"post","link":"https:\/\/www.zsben.cz\/wordpress\/?p=768","title":{"rendered":"Preventan Cup"},"content":{"rendered":"<p>\u00a0V pond\u011bl\u00ed 6. 4. 2009 se konalo okresn\u00ed fin\u00e1le ve vyb\u00edjen\u00e9 \u017e\u00e1k\u016f Z\u0160 &#8220;Preventan Cup&#8221; v kategorii II. A- Otev\u0159en\u00e1. Sout\u011b\u017e po\u0159\u00e1dala Z\u0160 Bene\u0161ov Jir\u00e1skova 888 a D\u016fm d\u011bt\u00ed a ml\u00e1de\u017ee Bene\u0161ov. V t\u00e9to kategorii sout\u011b\u017eili chlapci 4.-5. t\u0159\u00edd a t\u00fdm mohly doplnit i d\u00edvky.<\/p>\n<p>\u00a0Na\u0161i \u0161kolu reprezentovali tito \u017e\u00e1ci 5. ro\u010dn\u00edk\u016f: Ond\u0159ej Hrd\u00fd, Jan Jane\u0161, Pavel Pitelka, Petr Fu\u010d\u00edk, Zden\u011bk Havelka, Nikola Macoun, Ond\u0159ej Kukura, Maty\u00e1\u0161 Lud\u00e1nyi, David Flieger, Luk\u00e1\u0161 Fed\u00e1k, Magdal\u00e9na Slav\u00edkov\u00e1, Radka \u0160ediv\u00e1. Velk\u00e1 pochvala pat\u0159\u00ed pr\u00e1v\u011b d\u00edvk\u00e1m, kter\u00e9 v tvrd\u00e9 konkurenci chlapc\u016f obst\u00e1ly na v\u00fdbornou a perfektn\u011b pos\u00edlily n\u00e1\u0161 t\u00fdm. Sout\u011b\u017ee se z\u00fa\u010dastnilo 19 p\u0159ihl\u00e1\u0161en\u00fdch dru\u017estev, kter\u00e1 byla rozlosov\u00e1na do 4 skupin. Ve skupin\u011b hr\u00e1l ka\u017ed\u00fd s ka\u017ed\u00fdm a 2 nejlep\u0161\u00ed dru\u017estva postoupila do \u010dtvrtfin\u00e1le. V\u00edt\u011bz postoupil do semifin\u00e1le a pora\u017een\u00e1 dru\u017estva ze semifin\u00e1le se utkala o 3. m\u00edsto. V\u00edt\u011bzn\u00e1 dru\u017estva ze semifin\u00e1le se utkala ve fin\u00e1le o 1. m\u00edsto. V 15 hodin nastoupila proti sob\u011b ve fin\u00e1lov\u00e9m souboji Z\u0160 Dukelsk\u00e1 Bene\u0161ov a Z\u0160 Votice. Po nap\u00ednav\u00e9n boji a nastaven\u00ed 2-kr\u00e1t 3,5 minuty zv\u00edt\u011bzila <span style=\"color: #ff6600;\"><span style=\"font-size: medium;\"><strong>Z\u0160 Dukelsk\u00e1 v\u00fdsledkem 6:5 a z\u00edskala kr\u00e1sn\u00e9 1. m\u00edsto v turnaji.<\/strong><\/span><\/span> V\u00edt\u011bz okresn\u00edho fin\u00e1le bude reprezentovat n\u00e1\u0161 okres Bene\u0161ov v krajsk\u00e9m p\u0159eboru St\u0159edo\u010desk\u00e9ho kraje \u201ePreventan Cup 2009&#8243; ve sportovn\u00ed hale Z\u0160 Jir\u00e1skova Bene\u0161ov dne 12.5.2009.<\/p>\n<p>V \u00fater\u00fd 7.4.2009 se konalo fin\u00e1le ve vyb\u00edjen\u00e9 \u017e\u00e1ky\u0148 4.-5. t\u0159\u00edd Z\u0160 \u201ePrevenal Cup&#8221; na Z\u0160 Jir\u00e1skova Bene\u0161ov. Sout\u011b\u017ee se z\u00fa\u010dastnilo 7 p\u0159ihl\u00e1\u0161en\u00fdch dru\u017estev.\u00a0 Na\u0161e \u0161kola obsadila 4. m\u00edsto.<\/p>\n<p>\u00a0D\u011bkujeme \u017e\u00e1k\u016fm Z\u0160 Dukelsk\u00e1 za vzornou reprezentaci \u0161koly a p\u0159ejeme jim hodn\u011b \u00fasp\u011bch\u016f v dal\u0161\u00edch sportovn\u00edch sout\u011b\u017e\u00edch.<\/p>\n<p>\u00a0<\/p>\n<p style=\"text-align: right;\">Mgr. Eva Pojerov\u00e1<\/p>\n<div class=\"fcbkbttn_buttons_block\" id=\"fcbkbttn_left\"><div class=\"fcbkbttn_like \"><div class=\"fb-like fb-like-button_count\" data-href=\"https:\/\/www.zsben.cz\/wordpress\/?p=768\" data-colorscheme=\"light\" data-layout=\"button_count\" data-action=\"like\"  data-size=\"small\"><\/div><\/div><div class=\"fb-share-button  \" data-href=\"https:\/\/www.zsben.cz\/wordpress\/?p=768\" data-type=\"button_count\" data-size=\"small\"><\/div><\/div>","protected":false},"excerpt":{"rendered":"<p>\u00a0V pond\u011bl\u00ed 6. 4. 2009 se konalo okresn\u00ed fin\u00e1le ve vyb\u00edjen\u00e9 \u017e\u00e1k\u016f Z\u0160 &#8220;Preventan Cup&#8221; v kategorii II. A- Otev\u0159en\u00e1. Sout\u011b\u017e po\u0159\u00e1dala Z\u0160 Bene\u0161ov Jir\u00e1skova 888 a D\u016fm d\u011bt\u00ed a ml\u00e1de\u017ee Bene\u0161ov. V t\u00e9to kategorii sout\u011b\u017eili chlapci 4.-5. t\u0159\u00edd a t\u00fdm mohly doplnit i d\u00edvky. \u00a0Na\u0161i \u0161kolu reprezentovali tito \u017e\u00e1ci 5. ro\u010dn\u00edk\u016f: Ond\u0159ej Hrd\u00fd, Jan [&hellip;]<\/p>\n","protected":false},"author":1,"featured_media":0,"comment_status":"closed","ping_status":"closed","sticky":false,"template":"","format":"standard","meta":{"ngg_post_thumbnail":0,"footnotes":""},"categories":[1],"tags":[],"class_list":["post-768","post","type-post","status-publish","format-standard","hentry","category-aktuality"],"_links":{"self":[{"href":"https:\/\/www.zsben.cz\/wordpress\/index.php?rest_route=\/wp\/v2\/posts\/768","targetHints":{"allow":["GET"]}}],"collection":[{"href":"https:\/\/www.zsben.cz\/wordpress\/index.php?rest_route=\/wp\/v2\/posts"}],"about":[{"href":"https:\/\/www.zsben.cz\/wordpress\/index.php?rest_route=\/wp\/v2\/types\/post"}],"author":[{"embeddable":true,"href":"https:\/\/www.zsben.cz\/wordpress\/index.php?rest_route=\/wp\/v2\/users\/1"}],"replies":[{"embeddable":true,"href":"https:\/\/www.zsben.cz\/wordpress\/index.php?rest_route=%2Fwp%2Fv2%2Fcomments&post=768"}],"version-history":[{"count":2,"href":"https:\/\/www.zsben.cz\/wordpress\/index.php?rest_route=\/wp\/v2\/posts\/768\/revisions"}],"predecessor-version":[{"id":770,"href":"https:\/\/www.zsben.cz\/wordpress\/index.php?rest_route=\/wp\/v2\/posts\/768\/revisions\/770"}],"wp:attachment":[{"href":"https:\/\/www.zsben.cz\/wordpress\/index.php?rest_route=%2Fwp%2Fv2%2Fmedia&parent=768"}],"wp:term":[{"taxonomy":"category","embeddable":true,"href":"https:\/\/www.zsben.cz\/wordpress\/index.php?rest_route=%2Fwp%2Fv2%2Fcategories&post=768"},{"taxonomy":"post_tag","embeddable":true,"href":"https:\/\/www.zsben.cz\/wordpress\/index.php?rest_route=%2Fwp%2Fv2%2Ftags&post=768"}],"curies":[{"name":"wp","href":"https:\/\/api.w.org\/{rel}","templated":true}]}}