{"id":766,"date":"2009-04-15T12:16:01","date_gmt":"2009-04-15T11:16:01","guid":{"rendered":"http:\/\/www.zsben.cz\/wordpress\/?p=766"},"modified":"2009-04-15T12:16:01","modified_gmt":"2009-04-15T11:16:01","slug":"plavecko-bezecky-pohar","status":"publish","type":"post","link":"https:\/\/www.zsben.cz\/wordpress\/?p=766","title":{"rendered":"Plavecko-b\u011b\u017eeck\u00fd poh\u00e1r"},"content":{"rendered":"<p>Dne 15. 4. 2009 prob\u011bhl 8. ro\u010dn\u00edk Plavecko-b\u011b\u017eeck\u00e9ho z\u00e1vodu, kter\u00fd po\u0159\u00e1d\u00e1 SO\u0160 Bene\u0161ov ve spolupr\u00e1ci s MSZ Bene\u0161ov.<\/p>\n<p>Medailov\u00e1 um\u00edst\u011bn\u00ed na\u0161ich \u017e\u00e1k\u016f:<\/p>\n<p>Kategorie 4. a 5. t\u0159\u00edda\u00a0<\/p>\n<p>1. m\u00edsto\u00a0\u00a0\u00a0\u00a0 Magdal\u00e9na Slav\u00edkov\u00e1<\/p>\n<p>2. m\u00edsto\u00a0\u00a0\u00a0\u00a0 Radka \u0160ediv\u00e1<\/p>\n<p>4. m\u00edsto\u00a0\u00a0\u00a0\u00a0 Ond\u0159ej Kukura<\/p>\n<p>\u00a0<\/p>\n<p>Kategorie 6. a 7. t\u0159\u00edd<\/p>\n<p>1. m\u00edsto\u00a0\u00a0\u00a0\u00a0 Tereza Vejvodov\u00e1<\/p>\n<p>1. m\u00edsto\u00a0\u00a0\u00a0\u00a0 Patrik Vyhl\u00eddal<\/p>\n<p>4. m\u00edsto\u00a0\u00a0\u00a0\u00a0 Radek Vesel\u00fd<\/p>\n<p>\u00a0<\/p>\n<p>Kategorie 8. a 9. t\u0159\u00edd<\/p>\n<p>2. m\u00edsto\u00a0\u00a0\u00a0\u00a0 Jakub Kr\u010dma<\/p>\n<p>3. m\u00edsto\u00a0\u00a0\u00a0\u00a0 Karol\u00edna Reme\u0161ov\u00e1<\/p>\n<p>4. m\u00edsto\u00a0\u00a0\u00a0\u00a0 Valerie Beznosov\u00e1<\/p>\n<p>V\u0161ichni, kte\u0159\u00ed se \u00fam\u00edstila na 1. &#8211; 3. m\u00edst\u011b postupuj\u00ed do krajsk\u00e9ho kola, na 4. m\u00edst\u011b jsou p\u0159\u00edpadn\u00ed n\u00e1hradn\u00edci.<\/p>\n<p>V\u0161em gratulujeme!<\/p>\n<div class=\"fcbkbttn_buttons_block\" id=\"fcbkbttn_left\"><div class=\"fcbkbttn_like \"><div class=\"fb-like fb-like-button_count\" data-href=\"https:\/\/www.zsben.cz\/wordpress\/?p=766\" data-colorscheme=\"light\" data-layout=\"button_count\" data-action=\"like\"  data-size=\"small\"><\/div><\/div><div class=\"fb-share-button  \" data-href=\"https:\/\/www.zsben.cz\/wordpress\/?p=766\" data-type=\"button_count\" data-size=\"small\"><\/div><\/div>","protected":false},"excerpt":{"rendered":"<p>Dne 15. 4. 2009 prob\u011bhl 8. ro\u010dn\u00edk Plavecko-b\u011b\u017eeck\u00e9ho z\u00e1vodu, kter\u00fd po\u0159\u00e1d\u00e1 SO\u0160 Bene\u0161ov ve spolupr\u00e1ci s MSZ Bene\u0161ov. Medailov\u00e1 um\u00edst\u011bn\u00ed na\u0161ich \u017e\u00e1k\u016f: Kategorie 4. a 5. t\u0159\u00edda\u00a0 1. m\u00edsto\u00a0\u00a0\u00a0\u00a0 Magdal\u00e9na Slav\u00edkov\u00e1 2. m\u00edsto\u00a0\u00a0\u00a0\u00a0 Radka \u0160ediv\u00e1 4. m\u00edsto\u00a0\u00a0\u00a0\u00a0 Ond\u0159ej Kukura \u00a0 Kategorie 6. a 7. t\u0159\u00edd 1. m\u00edsto\u00a0\u00a0\u00a0\u00a0 Tereza Vejvodov\u00e1 1. m\u00edsto\u00a0\u00a0\u00a0\u00a0 Patrik Vyhl\u00eddal 4. m\u00edsto\u00a0\u00a0\u00a0\u00a0 [&hellip;]<\/p>\n","protected":false},"author":4,"featured_media":0,"comment_status":"closed","ping_status":"closed","sticky":false,"template":"","format":"standard","meta":{"ngg_post_thumbnail":0,"footnotes":""},"categories":[1],"tags":[],"class_list":["post-766","post","type-post","status-publish","format-standard","hentry","category-aktuality"],"_links":{"self":[{"href":"https:\/\/www.zsben.cz\/wordpress\/index.php?rest_route=\/wp\/v2\/posts\/766","targetHints":{"allow":["GET"]}}],"collection":[{"href":"https:\/\/www.zsben.cz\/wordpress\/index.php?rest_route=\/wp\/v2\/posts"}],"about":[{"href":"https:\/\/www.zsben.cz\/wordpress\/index.php?rest_route=\/wp\/v2\/types\/post"}],"author":[{"embeddable":true,"href":"https:\/\/www.zsben.cz\/wordpress\/index.php?rest_route=\/wp\/v2\/users\/4"}],"replies":[{"embeddable":true,"href":"https:\/\/www.zsben.cz\/wordpress\/index.php?rest_route=%2Fwp%2Fv2%2Fcomments&post=766"}],"version-history":[{"count":1,"href":"https:\/\/www.zsben.cz\/wordpress\/index.php?rest_route=\/wp\/v2\/posts\/766\/revisions"}],"predecessor-version":[{"id":767,"href":"https:\/\/www.zsben.cz\/wordpress\/index.php?rest_route=\/wp\/v2\/posts\/766\/revisions\/767"}],"wp:attachment":[{"href":"https:\/\/www.zsben.cz\/wordpress\/index.php?rest_route=%2Fwp%2Fv2%2Fmedia&parent=766"}],"wp:term":[{"taxonomy":"category","embeddable":true,"href":"https:\/\/www.zsben.cz\/wordpress\/index.php?rest_route=%2Fwp%2Fv2%2Fcategories&post=766"},{"taxonomy":"post_tag","embeddable":true,"href":"https:\/\/www.zsben.cz\/wordpress\/index.php?rest_route=%2Fwp%2Fv2%2Ftags&post=766"}],"curies":[{"name":"wp","href":"https:\/\/api.w.org\/{rel}","templated":true}]}}