{"id":74961,"date":"2019-03-20T23:57:01","date_gmt":"2019-03-20T22:57:01","guid":{"rendered":"https:\/\/www.zsben.cz\/wordpress\/?p=74961"},"modified":"2019-03-21T07:47:02","modified_gmt":"2019-03-21T06:47:02","slug":"lyzarska-bouda-4","status":"publish","type":"post","link":"https:\/\/www.zsben.cz\/wordpress\/?p=74961","title":{"rendered":"Ly\u017ea\u0159sk\u00e1 Bouda 4"},"content":{"rendered":"<p>Zat\u00edm nejkr\u00e1sn\u011bj\u0161\u00ed den na\u0161eho pobytu v Krkono\u0161\u00edch. Modr\u00e1 obloha, nikde ani mr\u00e1\u010dek a sam\u00e9 slunce. Co\u017e se projevilo i na na\u0161ich obli\u010dej\u00edch. Op\u011bt rozd\u011blen\u00ed do 2 skupin. Jedna m\u00ed\u0159ila na \u010cernou horu a po ob\u011bd\u011b n\u00e1sledovaly biatlonov\u00e9 hr\u00e1tky. Druh\u00e1 si za sv\u016fj c\u00edl zvolila Sn\u011b\u017eku. Poda\u0159ilo se n\u00e1m ji zdolat a v\u00fdhledy byly fantastick\u00e9. V\u0161ichni jsme v po\u0159\u00e1dku a t\u011b\u0161\u00edme se na dal\u0161\u00ed den.<\/p>\nngg_shortcode_0_placeholder\n<p>&nbsp;<\/p>\n<p>&nbsp;<\/p>\n<div class=\"fcbkbttn_buttons_block\" id=\"fcbkbttn_left\"><div class=\"fcbkbttn_like \"><div class=\"fb-like fb-like-button_count\" data-href=\"https:\/\/www.zsben.cz\/wordpress\/?p=74961\" data-colorscheme=\"light\" data-layout=\"button_count\" data-action=\"like\"  data-size=\"small\"><\/div><\/div><div class=\"fb-share-button  \" data-href=\"https:\/\/www.zsben.cz\/wordpress\/?p=74961\" data-type=\"button_count\" data-size=\"small\"><\/div><\/div>","protected":false},"excerpt":{"rendered":"<p>Zat\u00edm nejkr\u00e1sn\u011bj\u0161\u00ed den na\u0161eho pobytu v Krkono\u0161\u00edch. Modr\u00e1 obloha, nikde ani mr\u00e1\u010dek a sam\u00e9 slunce. Co\u017e se projevilo i na na\u0161ich obli\u010dej\u00edch. Op\u011bt rozd\u011blen\u00ed do 2 skupin. Jedna m\u00ed\u0159ila na \u010cernou horu a po ob\u011bd\u011b n\u00e1sledovaly biatlonov\u00e9 hr\u00e1tky. Druh\u00e1 si za sv\u016fj c\u00edl zvolila Sn\u011b\u017eku. Poda\u0159ilo se n\u00e1m ji zdolat a v\u00fdhledy byly fantastick\u00e9. V\u0161ichni [&hellip;]<\/p>\n","protected":false},"author":4,"featured_media":0,"comment_status":"closed","ping_status":"closed","sticky":false,"template":"","format":"standard","meta":{"ngg_post_thumbnail":0,"footnotes":""},"categories":[1,10],"tags":[],"class_list":["post-74961","post","type-post","status-publish","format-standard","hentry","category-aktuality","category-telocvik"],"_links":{"self":[{"href":"https:\/\/www.zsben.cz\/wordpress\/index.php?rest_route=\/wp\/v2\/posts\/74961","targetHints":{"allow":["GET"]}}],"collection":[{"href":"https:\/\/www.zsben.cz\/wordpress\/index.php?rest_route=\/wp\/v2\/posts"}],"about":[{"href":"https:\/\/www.zsben.cz\/wordpress\/index.php?rest_route=\/wp\/v2\/types\/post"}],"author":[{"embeddable":true,"href":"https:\/\/www.zsben.cz\/wordpress\/index.php?rest_route=\/wp\/v2\/users\/4"}],"replies":[{"embeddable":true,"href":"https:\/\/www.zsben.cz\/wordpress\/index.php?rest_route=%2Fwp%2Fv2%2Fcomments&post=74961"}],"version-history":[{"count":3,"href":"https:\/\/www.zsben.cz\/wordpress\/index.php?rest_route=\/wp\/v2\/posts\/74961\/revisions"}],"predecessor-version":[{"id":75064,"href":"https:\/\/www.zsben.cz\/wordpress\/index.php?rest_route=\/wp\/v2\/posts\/74961\/revisions\/75064"}],"wp:attachment":[{"href":"https:\/\/www.zsben.cz\/wordpress\/index.php?rest_route=%2Fwp%2Fv2%2Fmedia&parent=74961"}],"wp:term":[{"taxonomy":"category","embeddable":true,"href":"https:\/\/www.zsben.cz\/wordpress\/index.php?rest_route=%2Fwp%2Fv2%2Fcategories&post=74961"},{"taxonomy":"post_tag","embeddable":true,"href":"https:\/\/www.zsben.cz\/wordpress\/index.php?rest_route=%2Fwp%2Fv2%2Ftags&post=74961"}],"curies":[{"name":"wp","href":"https:\/\/api.w.org\/{rel}","templated":true}]}}