{"id":74895,"date":"2019-03-19T20:32:21","date_gmt":"2019-03-19T19:32:21","guid":{"rendered":"https:\/\/www.zsben.cz\/wordpress\/?p=74895"},"modified":"2019-03-19T21:56:21","modified_gmt":"2019-03-19T20:56:21","slug":"lyzarska-bouda-3","status":"publish","type":"post","link":"https:\/\/www.zsben.cz\/wordpress\/?p=74895","title":{"rendered":"Ly\u017ea\u0159sk\u00e1 Bouda 3"},"content":{"rendered":"<p>Dnes n\u00e1m po\u010das\u00ed p\u0159\u00e1lo. Po v\u011bt\u0161inu dne sv\u00edtilo slun\u00ed\u010dko a mraky se sn\u011b\u017een\u00edm se uk\u00e1zaly jen ob\u010das. Rozd\u011blili jsme se na dv\u011b skupinky &#8211; jedna skupinka vyrazila sm\u011brem na Lu\u010dn\u00ed Boudu a druh\u00e1 na V\u00fdrovku. Ob\u011b skupiny ujely cca 20 km. P\u00e1dy se n\u00e1m nevyhnuly, ale v\u0161e jsme zvl\u00e1dli s \u00fasm\u011bvem (tedy v\u011bt\u0161inou). Nekone\u010dn\u00e1 stoup\u00e1n\u00ed byla odm\u011bn\u011bna kr\u00e1sn\u00fdmi v\u00fdhledy.<\/p>\n<p>Vzkaz pro pan\u00ed u\u010ditelku t\u0159\u00eddn\u00ed: z\u00e1\u017eitky p\u00ed\u0161eme na pap\u00edr :), kter\u00fd si potom vlep\u00edme do den\u00ed\u010dku.<\/p>\nngg_shortcode_0_placeholder\n<p>&nbsp;<\/p>\n<p>&nbsp;<\/p>\n<p>&nbsp;<\/p>\n<div class=\"fcbkbttn_buttons_block\" id=\"fcbkbttn_left\"><div class=\"fcbkbttn_like \"><div class=\"fb-like fb-like-button_count\" data-href=\"https:\/\/www.zsben.cz\/wordpress\/?p=74895\" data-colorscheme=\"light\" data-layout=\"button_count\" data-action=\"like\"  data-size=\"small\"><\/div><\/div><div class=\"fb-share-button  \" data-href=\"https:\/\/www.zsben.cz\/wordpress\/?p=74895\" data-type=\"button_count\" data-size=\"small\"><\/div><\/div>","protected":false},"excerpt":{"rendered":"<p>Dnes n\u00e1m po\u010das\u00ed p\u0159\u00e1lo. Po v\u011bt\u0161inu dne sv\u00edtilo slun\u00ed\u010dko a mraky se sn\u011b\u017een\u00edm se uk\u00e1zaly jen ob\u010das. Rozd\u011blili jsme se na dv\u011b skupinky &#8211; jedna skupinka vyrazila sm\u011brem na Lu\u010dn\u00ed Boudu a druh\u00e1 na V\u00fdrovku. Ob\u011b skupiny ujely cca 20 km. P\u00e1dy se n\u00e1m nevyhnuly, ale v\u0161e jsme zvl\u00e1dli s \u00fasm\u011bvem (tedy v\u011bt\u0161inou). Nekone\u010dn\u00e1 stoup\u00e1n\u00ed [&hellip;]<\/p>\n","protected":false},"author":4,"featured_media":0,"comment_status":"closed","ping_status":"closed","sticky":false,"template":"","format":"standard","meta":{"ngg_post_thumbnail":0,"footnotes":""},"categories":[1,10],"tags":[],"class_list":["post-74895","post","type-post","status-publish","format-standard","hentry","category-aktuality","category-telocvik"],"_links":{"self":[{"href":"https:\/\/www.zsben.cz\/wordpress\/index.php?rest_route=\/wp\/v2\/posts\/74895","targetHints":{"allow":["GET"]}}],"collection":[{"href":"https:\/\/www.zsben.cz\/wordpress\/index.php?rest_route=\/wp\/v2\/posts"}],"about":[{"href":"https:\/\/www.zsben.cz\/wordpress\/index.php?rest_route=\/wp\/v2\/types\/post"}],"author":[{"embeddable":true,"href":"https:\/\/www.zsben.cz\/wordpress\/index.php?rest_route=\/wp\/v2\/users\/4"}],"replies":[{"embeddable":true,"href":"https:\/\/www.zsben.cz\/wordpress\/index.php?rest_route=%2Fwp%2Fv2%2Fcomments&post=74895"}],"version-history":[{"count":3,"href":"https:\/\/www.zsben.cz\/wordpress\/index.php?rest_route=\/wp\/v2\/posts\/74895\/revisions"}],"predecessor-version":[{"id":74960,"href":"https:\/\/www.zsben.cz\/wordpress\/index.php?rest_route=\/wp\/v2\/posts\/74895\/revisions\/74960"}],"wp:attachment":[{"href":"https:\/\/www.zsben.cz\/wordpress\/index.php?rest_route=%2Fwp%2Fv2%2Fmedia&parent=74895"}],"wp:term":[{"taxonomy":"category","embeddable":true,"href":"https:\/\/www.zsben.cz\/wordpress\/index.php?rest_route=%2Fwp%2Fv2%2Fcategories&post=74895"},{"taxonomy":"post_tag","embeddable":true,"href":"https:\/\/www.zsben.cz\/wordpress\/index.php?rest_route=%2Fwp%2Fv2%2Ftags&post=74895"}],"curies":[{"name":"wp","href":"https:\/\/api.w.org\/{rel}","templated":true}]}}