{"id":74781,"date":"2019-03-18T20:52:54","date_gmt":"2019-03-18T19:52:54","guid":{"rendered":"https:\/\/www.zsben.cz\/wordpress\/?p=74781"},"modified":"2019-03-18T20:52:54","modified_gmt":"2019-03-18T19:52:54","slug":"lyzarska-bouda-2","status":"publish","type":"post","link":"https:\/\/www.zsben.cz\/wordpress\/?p=74781","title":{"rendered":"Ly\u017ea\u0159sk\u00e1 bouda 2"},"content":{"rendered":"<p>Dne\u0161n\u00ed den byl, co do po\u010das\u00ed, velmi prom\u011bnliv\u00fd &#8211; mlha, sn\u00edh, v\u00edtr, zima, chv\u00edli slun\u00ed\u010dko a zase cel\u00e9 dokola. V\u00fdlet se p\u0159esto vyda\u0159il &#8211; cca 20 km (Lesn\u00ed bouda, Pra\u017esk\u00e1, Kol\u00ednsk\u00e1 s ob\u011bdem, \u010cern\u00e1 hora a zp\u011bt). Prostor se na\u0161el i na n\u00e1cvik techniky bruslen\u00ed a p\u00e1r sout\u011b\u017eiv\u00fdch her. Co m\u011bly d\u011bti k ob\u011bdu posu\u010fte sami, bylo to velmi r\u016fznorod\u00e9.<\/p>\n<p>Mezi fotkami je i jedna speci\u00e1ln\u011b ur\u010den\u00e1 pro Davida M. z 8. C,&nbsp; a taky vzkaz pro pan\u00ed u\u010ditelku \u0160varcovou &#8211;&nbsp; &#8221; Nezlob\u00ed!&#8221; \ud83d\ude42<\/p>\nngg_shortcode_0_placeholder\n<p>&nbsp;<\/p>\n<div class=\"fcbkbttn_buttons_block\" id=\"fcbkbttn_left\"><div class=\"fcbkbttn_like \"><div class=\"fb-like fb-like-button_count\" data-href=\"https:\/\/www.zsben.cz\/wordpress\/?p=74781\" data-colorscheme=\"light\" data-layout=\"button_count\" data-action=\"like\"  data-size=\"small\"><\/div><\/div><div class=\"fb-share-button  \" data-href=\"https:\/\/www.zsben.cz\/wordpress\/?p=74781\" data-type=\"button_count\" data-size=\"small\"><\/div><\/div>","protected":false},"excerpt":{"rendered":"<p>Dne\u0161n\u00ed den byl, co do po\u010das\u00ed, velmi prom\u011bnliv\u00fd &#8211; mlha, sn\u00edh, v\u00edtr, zima, chv\u00edli slun\u00ed\u010dko a zase cel\u00e9 dokola. V\u00fdlet se p\u0159esto vyda\u0159il &#8211; cca 20 km (Lesn\u00ed bouda, Pra\u017esk\u00e1, Kol\u00ednsk\u00e1 s ob\u011bdem, \u010cern\u00e1 hora a zp\u011bt). Prostor se na\u0161el i na n\u00e1cvik techniky bruslen\u00ed a p\u00e1r sout\u011b\u017eiv\u00fdch her. Co m\u011bly d\u011bti k ob\u011bdu posu\u010fte [&hellip;]<\/p>\n","protected":false},"author":4,"featured_media":0,"comment_status":"closed","ping_status":"closed","sticky":false,"template":"","format":"standard","meta":{"ngg_post_thumbnail":0,"footnotes":""},"categories":[1,10],"tags":[],"class_list":["post-74781","post","type-post","status-publish","format-standard","hentry","category-aktuality","category-telocvik"],"_links":{"self":[{"href":"https:\/\/www.zsben.cz\/wordpress\/index.php?rest_route=\/wp\/v2\/posts\/74781","targetHints":{"allow":["GET"]}}],"collection":[{"href":"https:\/\/www.zsben.cz\/wordpress\/index.php?rest_route=\/wp\/v2\/posts"}],"about":[{"href":"https:\/\/www.zsben.cz\/wordpress\/index.php?rest_route=\/wp\/v2\/types\/post"}],"author":[{"embeddable":true,"href":"https:\/\/www.zsben.cz\/wordpress\/index.php?rest_route=\/wp\/v2\/users\/4"}],"replies":[{"embeddable":true,"href":"https:\/\/www.zsben.cz\/wordpress\/index.php?rest_route=%2Fwp%2Fv2%2Fcomments&post=74781"}],"version-history":[{"count":1,"href":"https:\/\/www.zsben.cz\/wordpress\/index.php?rest_route=\/wp\/v2\/posts\/74781\/revisions"}],"predecessor-version":[{"id":74860,"href":"https:\/\/www.zsben.cz\/wordpress\/index.php?rest_route=\/wp\/v2\/posts\/74781\/revisions\/74860"}],"wp:attachment":[{"href":"https:\/\/www.zsben.cz\/wordpress\/index.php?rest_route=%2Fwp%2Fv2%2Fmedia&parent=74781"}],"wp:term":[{"taxonomy":"category","embeddable":true,"href":"https:\/\/www.zsben.cz\/wordpress\/index.php?rest_route=%2Fwp%2Fv2%2Fcategories&post=74781"},{"taxonomy":"post_tag","embeddable":true,"href":"https:\/\/www.zsben.cz\/wordpress\/index.php?rest_route=%2Fwp%2Fv2%2Ftags&post=74781"}],"curies":[{"name":"wp","href":"https:\/\/api.w.org\/{rel}","templated":true}]}}