{"id":74399,"date":"2019-02-24T20:21:19","date_gmt":"2019-02-24T19:21:19","guid":{"rendered":"https:\/\/www.zsben.cz\/wordpress\/?p=74399"},"modified":"2019-02-24T20:21:19","modified_gmt":"2019-02-24T19:21:19","slug":"gymnasticka-vsestrannost-zaku-6-9-trid","status":"publish","type":"post","link":"https:\/\/www.zsben.cz\/wordpress\/?p=74399","title":{"rendered":"Gymnastick\u00e1 v\u0161estrannost \u017e\u00e1k\u016f 6. &#8211; 9. t\u0159\u00edd"},"content":{"rendered":"<p>Ve \u010dtvrtek 21. 2. 2019 se konaly na Z\u0160 Jir\u00e1skova v Bene\u0161ov\u011b gymnastick\u00e9 z\u00e1vody a parkourov\u00e9 z\u00e1vody \u017e\u00e1k\u016f 6. &#8211; 9. t\u0159\u00edd Z\u0160 a v\u00edcelet\u00fdch gymn\u00e1zi\u00ed. Na\u0161i \u0161kolu reprezentovala 2 dru\u017estva, mlad\u0161\u00ed \u017e\u00e1ci \/6.-7. t\u0159\u00edda\/, star\u0161\u00ed \/8.-9.t\u0159\u00edda\/.&nbsp; Um\u00edst\u011bn\u00ed :&nbsp; mlad\u0161\u00ed \u017e\u00e1kyn\u011b&nbsp;&nbsp; 1. m\u00edsto &#8211; Zuzana Kare\u0161ov\u00e1 \/6.C\/&nbsp; 2. m\u00edsto &#8211; Mark\u00e9ta Kmo\u0161kov\u00e1 \/6.C\/&nbsp;&nbsp;&nbsp;&nbsp;&nbsp;&nbsp;&nbsp;&nbsp;&nbsp;&nbsp;&nbsp;mlad\u0161\u00ed \u017e\u00e1ci&nbsp;&nbsp;&nbsp;&nbsp; 1. m\u00edsto &#8211; David Lupa\u010d \/7.C\/&nbsp;&nbsp;&nbsp;&nbsp;&nbsp; 3. m\u00edsto&nbsp; &#8211; David Chm\u00e1tal &#8211; \/7.C\/&nbsp;<\/p>\n<p>Star\u0161\u00ed \u017e\u00e1kyn\u011b&nbsp;&nbsp; 3. m\u00edsto &#8211; Julie \u0160ediv\u00e1 \/8.C\/&nbsp;&nbsp;&nbsp;&nbsp;&nbsp;&nbsp;&nbsp;&nbsp;&nbsp; Parkour&nbsp;&nbsp;&nbsp;&nbsp;&nbsp;&nbsp; SPEED RUN&nbsp;&nbsp; 1. m\u00edsto mlad\u0161\u00ed \u017e\u00e1kyn\u011b &#8211; Kate\u0159ina Kyselov\u00e1&nbsp;&nbsp;&nbsp; 2. m\u00edsto &#8211; Mark\u00e9ta Kmo\u0161kov\u00e1&nbsp;&nbsp;&nbsp; 3. m\u00edsto &#8211; Nat\u00e1lie Kr\u00e1l\u00ed\u010dkov\u00e1 \/v\u0161echny ze 6.C\/&nbsp;&nbsp;&nbsp;&nbsp;&nbsp; star\u0161\u00ed \u017e\u00e1kyn\u011b&nbsp; 1. m\u00edsto&nbsp; &#8211; Eli\u0161ka Vrbov\u00e1&nbsp;&nbsp;&nbsp;&nbsp;&nbsp; 2. m\u00edsto &#8211; Denisa \u0160najdrov\u00e1 \/ob\u011b z 8.C\/&nbsp;&nbsp;&nbsp;&nbsp;<\/p>\n<div id=\"x_Signature\">\n<div class=\"x_BodyFragment\">\n<div class=\"x_PlainText\">Free style&nbsp;&nbsp;&nbsp; mlad\u0161\u00ed \u017e\u00e1kyn\u011b&nbsp; 1. m\u00edsto &#8211; Nat\u00e1lie Kr\u00e1l\u00ed\u010dkov\u00e1&nbsp;&nbsp; 2. m\u00edsto &#8211; Kate\u0159ina Kyselov\u00e1&nbsp;&nbsp; 3. m\u00edsto &#8211;&nbsp; Mark\u00e9ta Kmo\u0161kov\u00e1&nbsp;&nbsp;&nbsp;&nbsp;&nbsp;&nbsp; star\u0161\u00ed \u017e\u00e1kyn\u011b&nbsp;&nbsp;&nbsp; 1. m\u00edsto &#8211; Denisa \u0160najdrov\u00e1&nbsp;&nbsp; 2. m\u00edsto &#8211; Zuzana \u0160indelkov\u00e1<\/div>\n<div class=\"x_PlainText\">D\u011bkujeme na\u0161im \u017e\u00e1k\u016fm za vzornou reprezentaci na\u0161\u00ed \u0161koly a p\u0159ejeme mnoho dal\u0161\u00edch sportovn\u00edch \u00fasp\u011bch\u016f.&nbsp;&nbsp;&nbsp;&nbsp;&nbsp;&nbsp;&nbsp;&nbsp;<\/div>\n<div>&nbsp;<\/div>\n<div class=\"x_PlainText\">Eva Pojerov\u00e1<\/div>\n<\/div>\n<\/div>\n<div>\nngg_shortcode_0_placeholder\n<\/div>\n<div class=\"fcbkbttn_buttons_block\" id=\"fcbkbttn_left\"><div class=\"fcbkbttn_like \"><div class=\"fb-like fb-like-button_count\" data-href=\"https:\/\/www.zsben.cz\/wordpress\/?p=74399\" data-colorscheme=\"light\" data-layout=\"button_count\" data-action=\"like\"  data-size=\"small\"><\/div><\/div><div class=\"fb-share-button  \" data-href=\"https:\/\/www.zsben.cz\/wordpress\/?p=74399\" data-type=\"button_count\" data-size=\"small\"><\/div><\/div>","protected":false},"excerpt":{"rendered":"<p>Ve \u010dtvrtek 21. 2. 2019 se konaly na Z\u0160 Jir\u00e1skova v Bene\u0161ov\u011b gymnastick\u00e9 z\u00e1vody a parkourov\u00e9 z\u00e1vody \u017e\u00e1k\u016f 6. &#8211; 9. t\u0159\u00edd Z\u0160 a v\u00edcelet\u00fdch gymn\u00e1zi\u00ed. Na\u0161i \u0161kolu reprezentovala 2 dru\u017estva, mlad\u0161\u00ed \u017e\u00e1ci \/6.-7. t\u0159\u00edda\/, star\u0161\u00ed \/8.-9.t\u0159\u00edda\/.&nbsp; Um\u00edst\u011bn\u00ed :&nbsp; mlad\u0161\u00ed \u017e\u00e1kyn\u011b&nbsp;&nbsp; 1. m\u00edsto &#8211; Zuzana Kare\u0161ov\u00e1 \/6.C\/&nbsp; 2. m\u00edsto &#8211; Mark\u00e9ta Kmo\u0161kov\u00e1 \/6.C\/&nbsp;&nbsp;&nbsp;&nbsp;&nbsp;&nbsp;&nbsp;&nbsp;&nbsp;&nbsp;&nbsp;mlad\u0161\u00ed \u017e\u00e1ci&nbsp;&nbsp;&nbsp;&nbsp; 1. [&hellip;]<\/p>\n","protected":false},"author":33,"featured_media":0,"comment_status":"closed","ping_status":"closed","sticky":false,"template":"","format":"standard","meta":{"ngg_post_thumbnail":0,"footnotes":""},"categories":[1],"tags":[],"class_list":["post-74399","post","type-post","status-publish","format-standard","hentry","category-aktuality"],"_links":{"self":[{"href":"https:\/\/www.zsben.cz\/wordpress\/index.php?rest_route=\/wp\/v2\/posts\/74399","targetHints":{"allow":["GET"]}}],"collection":[{"href":"https:\/\/www.zsben.cz\/wordpress\/index.php?rest_route=\/wp\/v2\/posts"}],"about":[{"href":"https:\/\/www.zsben.cz\/wordpress\/index.php?rest_route=\/wp\/v2\/types\/post"}],"author":[{"embeddable":true,"href":"https:\/\/www.zsben.cz\/wordpress\/index.php?rest_route=\/wp\/v2\/users\/33"}],"replies":[{"embeddable":true,"href":"https:\/\/www.zsben.cz\/wordpress\/index.php?rest_route=%2Fwp%2Fv2%2Fcomments&post=74399"}],"version-history":[{"count":1,"href":"https:\/\/www.zsben.cz\/wordpress\/index.php?rest_route=\/wp\/v2\/posts\/74399\/revisions"}],"predecessor-version":[{"id":74490,"href":"https:\/\/www.zsben.cz\/wordpress\/index.php?rest_route=\/wp\/v2\/posts\/74399\/revisions\/74490"}],"wp:attachment":[{"href":"https:\/\/www.zsben.cz\/wordpress\/index.php?rest_route=%2Fwp%2Fv2%2Fmedia&parent=74399"}],"wp:term":[{"taxonomy":"category","embeddable":true,"href":"https:\/\/www.zsben.cz\/wordpress\/index.php?rest_route=%2Fwp%2Fv2%2Fcategories&post=74399"},{"taxonomy":"post_tag","embeddable":true,"href":"https:\/\/www.zsben.cz\/wordpress\/index.php?rest_route=%2Fwp%2Fv2%2Ftags&post=74399"}],"curies":[{"name":"wp","href":"https:\/\/api.w.org\/{rel}","templated":true}]}}