{"id":73329,"date":"2018-12-21T11:23:54","date_gmt":"2018-12-21T10:23:54","guid":{"rendered":"https:\/\/www.zsben.cz\/wordpress\/?p=73329"},"modified":"2018-12-21T11:23:54","modified_gmt":"2018-12-21T10:23:54","slug":"vanoce-pro-opustene-pejsky-7","status":"publish","type":"post","link":"https:\/\/www.zsben.cz\/wordpress\/?p=73329","title":{"rendered":"V\u00c1NOCE\u00a0\u00a0 PRO\u00a0\u00a0 OPU\u0160T\u011aN\u00c9\u00a0\u00a0 PEJSKY"},"content":{"rendered":"<p>Stejn\u011b jako loni uspo\u0159\u00e1dala i letos na\u0161e t\u0159\u00edda 8.C v\u00e1no\u010dn\u00ed sb\u00edrku pro opu\u0161t\u011bn\u00e9 pejsky. Od za\u010d\u00e1tku prosince jsme vyb\u00edrali pi\u0161koty, konzervy a dal\u0161\u00ed dobr\u016ftky, abychom je spole\u010dn\u011b 20.12.2018 mohli za pomoci ochotn\u00e9 maminky dopravit do Mar\u0161ovic do ps\u00edho \u00fatulku. I kdy\u017e zrovna sn\u011b\u017eilo a foukalo, n\u00e1v\u0161t\u011bva se vyda\u0159ila. Pohr\u00e1li jsme si s&nbsp;pejsky, vyven\u010dili je a t\u00edm jim alespo\u0148 trochu zp\u0159\u00edjemnili \u010dek\u00e1n\u00ed na novou rodinu. Moc d\u011bkujeme d\u011btem i zam\u011bstnanc\u016fm \u0161koly za p\u0159\u00edsp\u011bvky a p\u0159ejeme v\u0161em kr\u00e1sn\u00e9 pr\u00e1zdniny.&nbsp;<\/p>\n<p>&nbsp; \u017d\u00e1ci 8.C<\/p>\nngg_shortcode_0_placeholder\n<p>&nbsp;<\/p>\n<div class=\"fcbkbttn_buttons_block\" id=\"fcbkbttn_left\"><div class=\"fcbkbttn_like \"><div class=\"fb-like fb-like-button_count\" data-href=\"https:\/\/www.zsben.cz\/wordpress\/?p=73329\" data-colorscheme=\"light\" data-layout=\"button_count\" data-action=\"like\"  data-size=\"small\"><\/div><\/div><div class=\"fb-share-button  \" data-href=\"https:\/\/www.zsben.cz\/wordpress\/?p=73329\" data-type=\"button_count\" data-size=\"small\"><\/div><\/div>","protected":false},"excerpt":{"rendered":"<p>Stejn\u011b jako loni uspo\u0159\u00e1dala i letos na\u0161e t\u0159\u00edda 8.C v\u00e1no\u010dn\u00ed sb\u00edrku pro opu\u0161t\u011bn\u00e9 pejsky. Od za\u010d\u00e1tku prosince jsme vyb\u00edrali pi\u0161koty, konzervy a dal\u0161\u00ed dobr\u016ftky, abychom je spole\u010dn\u011b 20.12.2018 mohli za pomoci ochotn\u00e9 maminky dopravit do Mar\u0161ovic do ps\u00edho \u00fatulku. I kdy\u017e zrovna sn\u011b\u017eilo a foukalo, n\u00e1v\u0161t\u011bva se vyda\u0159ila. Pohr\u00e1li jsme si s&nbsp;pejsky, vyven\u010dili je a [&hellip;]<\/p>\n","protected":false},"author":18,"featured_media":0,"comment_status":"closed","ping_status":"closed","sticky":false,"template":"","format":"standard","meta":{"ngg_post_thumbnail":0,"footnotes":""},"categories":[1],"tags":[],"class_list":["post-73329","post","type-post","status-publish","format-standard","hentry","category-aktuality"],"_links":{"self":[{"href":"https:\/\/www.zsben.cz\/wordpress\/index.php?rest_route=\/wp\/v2\/posts\/73329","targetHints":{"allow":["GET"]}}],"collection":[{"href":"https:\/\/www.zsben.cz\/wordpress\/index.php?rest_route=\/wp\/v2\/posts"}],"about":[{"href":"https:\/\/www.zsben.cz\/wordpress\/index.php?rest_route=\/wp\/v2\/types\/post"}],"author":[{"embeddable":true,"href":"https:\/\/www.zsben.cz\/wordpress\/index.php?rest_route=\/wp\/v2\/users\/18"}],"replies":[{"embeddable":true,"href":"https:\/\/www.zsben.cz\/wordpress\/index.php?rest_route=%2Fwp%2Fv2%2Fcomments&post=73329"}],"version-history":[{"count":2,"href":"https:\/\/www.zsben.cz\/wordpress\/index.php?rest_route=\/wp\/v2\/posts\/73329\/revisions"}],"predecessor-version":[{"id":73339,"href":"https:\/\/www.zsben.cz\/wordpress\/index.php?rest_route=\/wp\/v2\/posts\/73329\/revisions\/73339"}],"wp:attachment":[{"href":"https:\/\/www.zsben.cz\/wordpress\/index.php?rest_route=%2Fwp%2Fv2%2Fmedia&parent=73329"}],"wp:term":[{"taxonomy":"category","embeddable":true,"href":"https:\/\/www.zsben.cz\/wordpress\/index.php?rest_route=%2Fwp%2Fv2%2Fcategories&post=73329"},{"taxonomy":"post_tag","embeddable":true,"href":"https:\/\/www.zsben.cz\/wordpress\/index.php?rest_route=%2Fwp%2Fv2%2Ftags&post=73329"}],"curies":[{"name":"wp","href":"https:\/\/api.w.org\/{rel}","templated":true}]}}