{"id":73269,"date":"2018-12-14T10:22:42","date_gmt":"2018-12-14T09:22:42","guid":{"rendered":"https:\/\/www.zsben.cz\/wordpress\/?p=73269"},"modified":"2018-12-14T10:22:42","modified_gmt":"2018-12-14T09:22:42","slug":"krajska-kola-ve-florbale-2","status":"publish","type":"post","link":"https:\/\/www.zsben.cz\/wordpress\/?p=73269","title":{"rendered":"Krajsk\u00e1 kola ve florbale"},"content":{"rendered":"<p>V t\u00fddnu od 10. do 14. 12. 2018 prob\u00edhala krajsk\u00e1 kola ve florbale Z\u0160 v\u0161ech v\u011bkov\u00fdch kategori\u00ed. Dru\u017estva na\u0161\u00ed \u0161koly se z\u00fa\u010dastnila 3 krajsk\u00fdch kol, a to v kategorii III. chlapci a kategorii IV. chlapci a d\u00edvky. Chlapci hr\u00e1li svoje krajsk\u00e9 fin\u00e1le v Kladn\u011b a ob\u011b dru\u017estva se shodn\u011b um\u00edstila na 2. m\u00edstech a t\u00edm si zajistila postup do kvalifikac\u00ed na republikov\u00e1 fin\u00e1le, kter\u00e1 budou prob\u00edhat v m\u011bs\u00edci b\u0159eznu. Dru\u017estvo d\u00edvek sv\u00e9 krajsk\u00e9 fin\u00e1le hr\u00e1lo v Kutn\u00e9 Ho\u0159e a um\u00edstilo se na kr\u00e1sn\u00e9m 3. m\u00edst\u011b, ale do dal\u0161\u00edch boj\u016f bohu\u017eel nepostoupilo.<\/p>\n<p>V\u0161em moc gratulujeme, d\u011bkujeme za reprezentaci \u0161koly a p\u0159ejeme mnoho sportovn\u00edch \u00fasp\u011bch\u016f v dal\u0161\u00edch boj\u00edch<\/p>\n<div class=\"fcbkbttn_buttons_block\" id=\"fcbkbttn_left\"><div class=\"fcbkbttn_like \"><div class=\"fb-like fb-like-button_count\" data-href=\"https:\/\/www.zsben.cz\/wordpress\/?p=73269\" data-colorscheme=\"light\" data-layout=\"button_count\" data-action=\"like\"  data-size=\"small\"><\/div><\/div><div class=\"fb-share-button  \" data-href=\"https:\/\/www.zsben.cz\/wordpress\/?p=73269\" data-type=\"button_count\" data-size=\"small\"><\/div><\/div>","protected":false},"excerpt":{"rendered":"<p>V t\u00fddnu od 10. do 14. 12. 2018 prob\u00edhala krajsk\u00e1 kola ve florbale Z\u0160 v\u0161ech v\u011bkov\u00fdch kategori\u00ed. Dru\u017estva na\u0161\u00ed \u0161koly se z\u00fa\u010dastnila 3 krajsk\u00fdch kol, a to v kategorii III. chlapci a kategorii IV. chlapci a d\u00edvky. Chlapci hr\u00e1li svoje krajsk\u00e9 fin\u00e1le v Kladn\u011b a ob\u011b dru\u017estva se shodn\u011b um\u00edstila na 2. m\u00edstech a t\u00edm [&hellip;]<\/p>\n","protected":false},"author":4,"featured_media":0,"comment_status":"closed","ping_status":"closed","sticky":false,"template":"","format":"standard","meta":{"ngg_post_thumbnail":0,"footnotes":""},"categories":[1,10],"tags":[],"class_list":["post-73269","post","type-post","status-publish","format-standard","hentry","category-aktuality","category-telocvik"],"_links":{"self":[{"href":"https:\/\/www.zsben.cz\/wordpress\/index.php?rest_route=\/wp\/v2\/posts\/73269","targetHints":{"allow":["GET"]}}],"collection":[{"href":"https:\/\/www.zsben.cz\/wordpress\/index.php?rest_route=\/wp\/v2\/posts"}],"about":[{"href":"https:\/\/www.zsben.cz\/wordpress\/index.php?rest_route=\/wp\/v2\/types\/post"}],"author":[{"embeddable":true,"href":"https:\/\/www.zsben.cz\/wordpress\/index.php?rest_route=\/wp\/v2\/users\/4"}],"replies":[{"embeddable":true,"href":"https:\/\/www.zsben.cz\/wordpress\/index.php?rest_route=%2Fwp%2Fv2%2Fcomments&post=73269"}],"version-history":[{"count":1,"href":"https:\/\/www.zsben.cz\/wordpress\/index.php?rest_route=\/wp\/v2\/posts\/73269\/revisions"}],"predecessor-version":[{"id":73270,"href":"https:\/\/www.zsben.cz\/wordpress\/index.php?rest_route=\/wp\/v2\/posts\/73269\/revisions\/73270"}],"wp:attachment":[{"href":"https:\/\/www.zsben.cz\/wordpress\/index.php?rest_route=%2Fwp%2Fv2%2Fmedia&parent=73269"}],"wp:term":[{"taxonomy":"category","embeddable":true,"href":"https:\/\/www.zsben.cz\/wordpress\/index.php?rest_route=%2Fwp%2Fv2%2Fcategories&post=73269"},{"taxonomy":"post_tag","embeddable":true,"href":"https:\/\/www.zsben.cz\/wordpress\/index.php?rest_route=%2Fwp%2Fv2%2Ftags&post=73269"}],"curies":[{"name":"wp","href":"https:\/\/api.w.org\/{rel}","templated":true}]}}