{"id":73100,"date":"2018-12-10T21:11:29","date_gmt":"2018-12-10T20:11:29","guid":{"rendered":"https:\/\/www.zsben.cz\/wordpress\/?p=73100"},"modified":"2018-12-10T21:12:25","modified_gmt":"2018-12-10T20:12:25","slug":"vanocni-gymnastikcy-turnaj","status":"publish","type":"post","link":"https:\/\/www.zsben.cz\/wordpress\/?p=73100","title":{"rendered":"V\u00e1no\u010dn\u00ed gymnastick\u00fd turnaj"},"content":{"rendered":"<p>Dne 10. 12. 2018 se v t\u011blocvi\u010dn\u011b uskute\u010dnil prvn\u00ed ro\u010dn\u00edk V\u00e1no\u010dn\u00edho gymnastick\u00e9ho turnaje pro I. stupe\u0148. Sout\u011b\u017eilo se na \u010dty\u0159ech stanovi\u0161t\u00edch &#8211; trampol\u00edna, \u0161v\u00e9dsk\u00e1 bedna, lavi\u010dka, prostn\u00e1. T\u00fdmy se skl\u00e1daly ze t\u0159\u00ed holek a t\u0159\u00ed kluk\u016f dan\u00e9 t\u0159\u00eddy. Nejlep\u0161\u00edmi v ro\u010dn\u00edc\u00edch byly t\u00fdmy t\u0159\u00edd 1. A, 2. A, 3. A, 4. C, 5. A. U\u017eili jsme si n\u00e1ro\u010dn\u00e9, ale kr\u00e1sn\u00e9 sportovn\u00ed dopoledne.<\/p>\n<p>V\u0161em d\u011btem gratulujeme za skv\u011bl\u00e9 v\u00fdkony a d\u011bkujeme za \u00fa\u010dast. Pod\u011bkov\u00e1n\u00ed za pomoc samoz\u0159ejm\u011b nechyb\u00ed holk\u00e1m gymnastk\u00e1m z druh\u00e9ho stupn\u011b.&nbsp;<\/p>\n<p>Monika Nov\u00e1kov\u00e1, Eva Pojerov\u00e1<\/p>\nngg_shortcode_0_placeholder\n<div class=\"fcbkbttn_buttons_block\" id=\"fcbkbttn_left\"><div class=\"fcbkbttn_like \"><div class=\"fb-like fb-like-button_count\" data-href=\"https:\/\/www.zsben.cz\/wordpress\/?p=73100\" data-colorscheme=\"light\" data-layout=\"button_count\" data-action=\"like\"  data-size=\"small\"><\/div><\/div><div class=\"fb-share-button  \" data-href=\"https:\/\/www.zsben.cz\/wordpress\/?p=73100\" data-type=\"button_count\" data-size=\"small\"><\/div><\/div>","protected":false},"excerpt":{"rendered":"<p>Dne 10. 12. 2018 se v t\u011blocvi\u010dn\u011b uskute\u010dnil prvn\u00ed ro\u010dn\u00edk V\u00e1no\u010dn\u00edho gymnastick\u00e9ho turnaje pro I. stupe\u0148. Sout\u011b\u017eilo se na \u010dty\u0159ech stanovi\u0161t\u00edch &#8211; trampol\u00edna, \u0161v\u00e9dsk\u00e1 bedna, lavi\u010dka, prostn\u00e1. T\u00fdmy se skl\u00e1daly ze t\u0159\u00ed holek a t\u0159\u00ed kluk\u016f dan\u00e9 t\u0159\u00eddy. Nejlep\u0161\u00edmi v ro\u010dn\u00edc\u00edch byly t\u00fdmy t\u0159\u00edd 1. A, 2. A, 3. A, 4. C, 5. A. U\u017eili [&hellip;]<\/p>\n","protected":false},"author":34,"featured_media":0,"comment_status":"closed","ping_status":"closed","sticky":false,"template":"","format":"standard","meta":{"ngg_post_thumbnail":0,"footnotes":""},"categories":[1],"tags":[],"class_list":["post-73100","post","type-post","status-publish","format-standard","hentry","category-aktuality"],"_links":{"self":[{"href":"https:\/\/www.zsben.cz\/wordpress\/index.php?rest_route=\/wp\/v2\/posts\/73100","targetHints":{"allow":["GET"]}}],"collection":[{"href":"https:\/\/www.zsben.cz\/wordpress\/index.php?rest_route=\/wp\/v2\/posts"}],"about":[{"href":"https:\/\/www.zsben.cz\/wordpress\/index.php?rest_route=\/wp\/v2\/types\/post"}],"author":[{"embeddable":true,"href":"https:\/\/www.zsben.cz\/wordpress\/index.php?rest_route=\/wp\/v2\/users\/34"}],"replies":[{"embeddable":true,"href":"https:\/\/www.zsben.cz\/wordpress\/index.php?rest_route=%2Fwp%2Fv2%2Fcomments&post=73100"}],"version-history":[{"count":3,"href":"https:\/\/www.zsben.cz\/wordpress\/index.php?rest_route=\/wp\/v2\/posts\/73100\/revisions"}],"predecessor-version":[{"id":73178,"href":"https:\/\/www.zsben.cz\/wordpress\/index.php?rest_route=\/wp\/v2\/posts\/73100\/revisions\/73178"}],"wp:attachment":[{"href":"https:\/\/www.zsben.cz\/wordpress\/index.php?rest_route=%2Fwp%2Fv2%2Fmedia&parent=73100"}],"wp:term":[{"taxonomy":"category","embeddable":true,"href":"https:\/\/www.zsben.cz\/wordpress\/index.php?rest_route=%2Fwp%2Fv2%2Fcategories&post=73100"},{"taxonomy":"post_tag","embeddable":true,"href":"https:\/\/www.zsben.cz\/wordpress\/index.php?rest_route=%2Fwp%2Fv2%2Ftags&post=73100"}],"curies":[{"name":"wp","href":"https:\/\/api.w.org\/{rel}","templated":true}]}}