{"id":73009,"date":"2018-12-05T01:22:29","date_gmt":"2018-12-05T00:22:29","guid":{"rendered":"https:\/\/www.zsben.cz\/wordpress\/?p=73009"},"modified":"2018-12-05T01:22:29","modified_gmt":"2018-12-05T00:22:29","slug":"polsko-2-den","status":"publish","type":"post","link":"https:\/\/www.zsben.cz\/wordpress\/?p=73009","title":{"rendered":"Polsko 2.den"},"content":{"rendered":"<p>Dne\u0161n\u00ed den jsme cel\u00fd pro\u017eili ve Var\u0161av\u011b. N\u00e1\u0161 v\u00fdlet jsme zah\u00e1jili v Pal\u00e1ci kultury, kde jsme v\u00fdtahem vyjeli do 30.patra, abychom shl\u00e9dli panorama Var\u0161avy. P\u0159esto\u017ee n\u00e1m v dobr\u00e9m v\u00fdhledu br\u00e1nil vydatn\u00fd d\u00e9\u0161\u0165 a hust\u00e1 mlha, byl to p\u011bkn\u00fd z\u00e1\u017eitek. Pot\u00e9 jsme proch\u00e1zkou do\u0161li k prezidentsk\u00e9mu pal\u00e1ci, kde jsme vid\u011bli p\u0159ehl\u00eddku zbran\u00ed. N\u00e1sledovala cesta na n\u00e1m\u011bst\u00ed s kr\u00e1lovsk\u00fdm hradem a v\u00e1no\u010dn\u00edm trhem.<br \/>\nPo kr\u00e1tk\u00e9m rozchodu jsme se vydali na ob\u011bd do \u00fatuln\u00e9 restaurace v centru m\u011bsta. Odpoledne jsme se autobusem p\u0159esunuli do Kopern\u00edkova v\u011bdeck\u00e9ho centra a za\u017eili fyziku v praxi.<br \/>\nN\u00e1v\u0161t\u011bvu polsk\u00e9ho hlavn\u00edho m\u011bsta jsme zavr\u0161ili ve star\u00e9m m\u011bst\u011b, kde n\u00e1s ohromila n\u00e1dhern\u00e1 sv\u011bteln\u00e1 dekorace v zahrad\u00e1ch pal\u00e1ce ve Vilanov\u011b.<br \/>\nZ\u00edtra n\u00e1s \u010dekaj\u00ed spole\u010dn\u00e9 aktivity a hry v rusk\u00e9m jazyce.<\/p>\nngg_shortcode_0_placeholder\n<p>&nbsp;<\/p>\n<div class=\"fcbkbttn_buttons_block\" id=\"fcbkbttn_left\"><div class=\"fcbkbttn_like \"><div class=\"fb-like fb-like-button_count\" data-href=\"https:\/\/www.zsben.cz\/wordpress\/?p=73009\" data-colorscheme=\"light\" data-layout=\"button_count\" data-action=\"like\"  data-size=\"small\"><\/div><\/div><div class=\"fb-share-button  \" data-href=\"https:\/\/www.zsben.cz\/wordpress\/?p=73009\" data-type=\"button_count\" data-size=\"small\"><\/div><\/div>","protected":false},"excerpt":{"rendered":"<p>Dne\u0161n\u00ed den jsme cel\u00fd pro\u017eili ve Var\u0161av\u011b. N\u00e1\u0161 v\u00fdlet jsme zah\u00e1jili v Pal\u00e1ci kultury, kde jsme v\u00fdtahem vyjeli do 30.patra, abychom shl\u00e9dli panorama Var\u0161avy. P\u0159esto\u017ee n\u00e1m v dobr\u00e9m v\u00fdhledu br\u00e1nil vydatn\u00fd d\u00e9\u0161\u0165 a hust\u00e1 mlha, byl to p\u011bkn\u00fd z\u00e1\u017eitek. Pot\u00e9 jsme proch\u00e1zkou do\u0161li k prezidentsk\u00e9mu pal\u00e1ci, kde jsme vid\u011bli p\u0159ehl\u00eddku zbran\u00ed. N\u00e1sledovala cesta na n\u00e1m\u011bst\u00ed [&hellip;]<\/p>\n","protected":false},"author":15,"featured_media":0,"comment_status":"closed","ping_status":"closed","sticky":false,"template":"","format":"standard","meta":{"ngg_post_thumbnail":0,"footnotes":""},"categories":[1],"tags":[],"class_list":["post-73009","post","type-post","status-publish","format-standard","hentry","category-aktuality"],"_links":{"self":[{"href":"https:\/\/www.zsben.cz\/wordpress\/index.php?rest_route=\/wp\/v2\/posts\/73009","targetHints":{"allow":["GET"]}}],"collection":[{"href":"https:\/\/www.zsben.cz\/wordpress\/index.php?rest_route=\/wp\/v2\/posts"}],"about":[{"href":"https:\/\/www.zsben.cz\/wordpress\/index.php?rest_route=\/wp\/v2\/types\/post"}],"author":[{"embeddable":true,"href":"https:\/\/www.zsben.cz\/wordpress\/index.php?rest_route=\/wp\/v2\/users\/15"}],"replies":[{"embeddable":true,"href":"https:\/\/www.zsben.cz\/wordpress\/index.php?rest_route=%2Fwp%2Fv2%2Fcomments&post=73009"}],"version-history":[{"count":1,"href":"https:\/\/www.zsben.cz\/wordpress\/index.php?rest_route=\/wp\/v2\/posts\/73009\/revisions"}],"predecessor-version":[{"id":73046,"href":"https:\/\/www.zsben.cz\/wordpress\/index.php?rest_route=\/wp\/v2\/posts\/73009\/revisions\/73046"}],"wp:attachment":[{"href":"https:\/\/www.zsben.cz\/wordpress\/index.php?rest_route=%2Fwp%2Fv2%2Fmedia&parent=73009"}],"wp:term":[{"taxonomy":"category","embeddable":true,"href":"https:\/\/www.zsben.cz\/wordpress\/index.php?rest_route=%2Fwp%2Fv2%2Fcategories&post=73009"},{"taxonomy":"post_tag","embeddable":true,"href":"https:\/\/www.zsben.cz\/wordpress\/index.php?rest_route=%2Fwp%2Fv2%2Ftags&post=73009"}],"curies":[{"name":"wp","href":"https:\/\/api.w.org\/{rel}","templated":true}]}}