{"id":723,"date":"2009-04-03T06:36:38","date_gmt":"2009-04-03T05:36:38","guid":{"rendered":"http:\/\/www.zsben.cz\/wordpress\/?p=723"},"modified":"2009-04-03T11:44:17","modified_gmt":"2009-04-03T10:44:17","slug":"okresni-prebor-ve-volejbale-kategorie-chlapci","status":"publish","type":"post","link":"https:\/\/www.zsben.cz\/wordpress\/?p=723","title":{"rendered":"Okresn\u00ed p\u0159ebor ve volejbale &#8211; kategorie chlapci"},"content":{"rendered":"<p>Dne 2. 4. 2009 se na na\u0161\u00ed \u0161kole uskute\u010dnil Okresn\u00ed p\u0159ebor ve volejbale Z\u0160, kategorie chlapci. Dru\u017estvo na\u0161\u00ed \u0161koly ve slo\u017een\u00ed Martin Navr\u00e1til, V\u00e1clav Hradec, Kry\u0161tof Humpl, Pavel Martinovi\u010d, Luk\u00e1\u0161 Kroupa, Ondra Han\u0161, Jakub Kr\u010dma, Zden\u011bk Kub\u016f, Dominik \u0160ejstal a Kry\u0161tof Ondry\u00e1\u0161 se um\u00edstilo na kr\u00e1sn\u00e9m 4. m\u00edst\u011b. Celkov\u00fdm v\u00edt\u011bzem &#8211; p\u0159ekvapen\u00ed sout\u011b\u017ee &#8211; se stala Z\u0160 T\u00fdnec!<\/p>\n<p style=\"text-align: center;\">ngg_shortcode_0_placeholder<\/p>\n<p>V\u0161em gratulejeme a p\u0159ejeme mnoho dal\u0161\u00edch \u00fasp\u011bch\u016f.<\/p>\n<div class=\"fcbkbttn_buttons_block\" id=\"fcbkbttn_left\"><div class=\"fcbkbttn_like \"><div class=\"fb-like fb-like-button_count\" data-href=\"https:\/\/www.zsben.cz\/wordpress\/?p=723\" data-colorscheme=\"light\" data-layout=\"button_count\" data-action=\"like\"  data-size=\"small\"><\/div><\/div><div class=\"fb-share-button  \" data-href=\"https:\/\/www.zsben.cz\/wordpress\/?p=723\" data-type=\"button_count\" data-size=\"small\"><\/div><\/div>","protected":false},"excerpt":{"rendered":"<p>Dne 2. 4. 2009 se na na\u0161\u00ed \u0161kole uskute\u010dnil Okresn\u00ed p\u0159ebor ve volejbale Z\u0160, kategorie chlapci. Dru\u017estvo na\u0161\u00ed \u0161koly ve slo\u017een\u00ed Martin Navr\u00e1til, V\u00e1clav Hradec, Kry\u0161tof Humpl, Pavel Martinovi\u010d, Luk\u00e1\u0161 Kroupa, Ondra Han\u0161, Jakub Kr\u010dma, Zden\u011bk Kub\u016f, Dominik \u0160ejstal a Kry\u0161tof Ondry\u00e1\u0161 se um\u00edstilo na kr\u00e1sn\u00e9m 4. m\u00edst\u011b. Celkov\u00fdm v\u00edt\u011bzem &#8211; p\u0159ekvapen\u00ed sout\u011b\u017ee &#8211; se [&hellip;]<\/p>\n","protected":false},"author":4,"featured_media":0,"comment_status":"closed","ping_status":"closed","sticky":false,"template":"","format":"standard","meta":{"ngg_post_thumbnail":0,"footnotes":""},"categories":[1],"tags":[],"class_list":["post-723","post","type-post","status-publish","format-standard","hentry","category-aktuality"],"_links":{"self":[{"href":"https:\/\/www.zsben.cz\/wordpress\/index.php?rest_route=\/wp\/v2\/posts\/723","targetHints":{"allow":["GET"]}}],"collection":[{"href":"https:\/\/www.zsben.cz\/wordpress\/index.php?rest_route=\/wp\/v2\/posts"}],"about":[{"href":"https:\/\/www.zsben.cz\/wordpress\/index.php?rest_route=\/wp\/v2\/types\/post"}],"author":[{"embeddable":true,"href":"https:\/\/www.zsben.cz\/wordpress\/index.php?rest_route=\/wp\/v2\/users\/4"}],"replies":[{"embeddable":true,"href":"https:\/\/www.zsben.cz\/wordpress\/index.php?rest_route=%2Fwp%2Fv2%2Fcomments&post=723"}],"version-history":[{"count":3,"href":"https:\/\/www.zsben.cz\/wordpress\/index.php?rest_route=\/wp\/v2\/posts\/723\/revisions"}],"predecessor-version":[{"id":733,"href":"https:\/\/www.zsben.cz\/wordpress\/index.php?rest_route=\/wp\/v2\/posts\/723\/revisions\/733"}],"wp:attachment":[{"href":"https:\/\/www.zsben.cz\/wordpress\/index.php?rest_route=%2Fwp%2Fv2%2Fmedia&parent=723"}],"wp:term":[{"taxonomy":"category","embeddable":true,"href":"https:\/\/www.zsben.cz\/wordpress\/index.php?rest_route=%2Fwp%2Fv2%2Fcategories&post=723"},{"taxonomy":"post_tag","embeddable":true,"href":"https:\/\/www.zsben.cz\/wordpress\/index.php?rest_route=%2Fwp%2Fv2%2Ftags&post=723"}],"curies":[{"name":"wp","href":"https:\/\/api.w.org\/{rel}","templated":true}]}}