{"id":71877,"date":"2018-09-24T13:33:45","date_gmt":"2018-09-24T11:33:45","guid":{"rendered":"https:\/\/www.zsben.cz\/wordpress\/?p=71877"},"modified":"2018-09-24T13:33:45","modified_gmt":"2018-09-24T11:33:45","slug":"atleticka-vsestrannost-vlasim-2","status":"publish","type":"post","link":"https:\/\/www.zsben.cz\/wordpress\/?p=71877","title":{"rendered":"Atletick\u00e1 v\u0161estrannost Vla\u0161im"},"content":{"rendered":"<p>Dne 19. 9. 2018 prob\u011bhlo ve Vla\u0161imi okresn\u00ed kolo Atletick\u00e9 v\u0161estrannosti II. stupn\u011b. \u017d\u00e1ci a \u017e\u00e1kyn\u011b na\u0161\u00ed \u0161koly dos\u00e1hli vynikaj\u00edc\u00edch v\u00fdsledk\u016f a ob\u011b dru\u017estva star\u0161\u00edch postoupila do krajsk\u00e9ho kola, kter\u00e9 se kon\u00e1 26. 9. ve Star\u00e9 Boleslavi.<\/p>\n<p>V\u0161em d\u011bkujeme za p\u0159edveden\u00e9 v\u00fdkony a dr\u017e\u00edme palce v dal\u0161\u00edch sportovn\u00edch kl\u00e1n\u00edch.<\/p>\n<p><p class=\"gde-text\"><a href=\"https:\/\/www.zsben.cz\/wordpress\/wp-content\/uploads\/2018\/09\/4boj-8a9_st-chlapci.pdf\" class=\"gde-link\" onClick=\"_gaq.push(['_trackEvent', 'Google Doc Embedder', 'St\u00e1hnout', this.href]);\">St\u00e1hnout (PDF, Nezn\u00e1m\u00fd)<\/a><\/p>\n<iframe src=\"\/\/docs.google.com\/viewer?url=https%3A%2F%2Fwww.zsben.cz%2Fwordpress%2Fwp-content%2Fuploads%2F2018%2F09%2F4boj-8a9_st-chlapci.pdf&hl=cs&embedded=true\" class=\"gde-frame\" style=\"width:100%; height:700px; border: none;\" scrolling=\"no\"><\/iframe><p class=\"gde-text\"><a href=\"https:\/\/www.zsben.cz\/wordpress\/wp-content\/uploads\/2018\/09\/4boj-8a9_st-d\u00edvky.pdf\" class=\"gde-link\" onClick=\"_gaq.push(['_trackEvent', 'Google Doc Embedder', 'St\u00e1hnout', this.href]);\">St\u00e1hnout (PDF, Nezn\u00e1m\u00fd)<\/a><\/p>\n<iframe src=\"\/\/docs.google.com\/viewer?url=https%3A%2F%2Fwww.zsben.cz%2Fwordpress%2Fwp-content%2Fuploads%2F2018%2F09%2F4boj-8a9_st-d%C3%ADvky.pdf&hl=cs&embedded=true\" class=\"gde-frame\" style=\"width:100%; height:700px; border: none;\" scrolling=\"no\"><\/iframe><p class=\"gde-text\"><a href=\"https:\/\/www.zsben.cz\/wordpress\/wp-content\/uploads\/2018\/09\/4boj-6a7_ml-chlapci.pdf\" class=\"gde-link\" onClick=\"_gaq.push(['_trackEvent', 'Google Doc Embedder', 'St\u00e1hnout', this.href]);\">St\u00e1hnout (PDF, Nezn\u00e1m\u00fd)<\/a><\/p>\n<iframe src=\"\/\/docs.google.com\/viewer?url=https%3A%2F%2Fwww.zsben.cz%2Fwordpress%2Fwp-content%2Fuploads%2F2018%2F09%2F4boj-6a7_ml-chlapci.pdf&hl=cs&embedded=true\" class=\"gde-frame\" style=\"width:100%; height:700px; border: none;\" scrolling=\"no\"><\/iframe><p class=\"gde-text\"><a href=\"https:\/\/www.zsben.cz\/wordpress\/wp-content\/uploads\/2018\/09\/4boj-6a7_ml-d\u00edvky.pdf\" class=\"gde-link\" onClick=\"_gaq.push(['_trackEvent', 'Google Doc Embedder', 'St\u00e1hnout', this.href]);\">St\u00e1hnout (PDF, Nezn\u00e1m\u00fd)<\/a><\/p>\n<iframe src=\"\/\/docs.google.com\/viewer?url=https%3A%2F%2Fwww.zsben.cz%2Fwordpress%2Fwp-content%2Fuploads%2F2018%2F09%2F4boj-6a7_ml-d%C3%ADvky.pdf&hl=cs&embedded=true\" class=\"gde-frame\" style=\"width:100%; height:700px; border: none;\" scrolling=\"no\"><\/iframe><\/p>\n<div class=\"fcbkbttn_buttons_block\" id=\"fcbkbttn_left\"><div class=\"fcbkbttn_like \"><div class=\"fb-like fb-like-button_count\" data-href=\"https:\/\/www.zsben.cz\/wordpress\/?p=71877\" data-colorscheme=\"light\" data-layout=\"button_count\" data-action=\"like\"  data-size=\"small\"><\/div><\/div><div class=\"fb-share-button  \" data-href=\"https:\/\/www.zsben.cz\/wordpress\/?p=71877\" data-type=\"button_count\" data-size=\"small\"><\/div><\/div>","protected":false},"excerpt":{"rendered":"<p>Dne 19. 9. 2018 prob\u011bhlo ve Vla\u0161imi okresn\u00ed kolo Atletick\u00e9 v\u0161estrannosti II. stupn\u011b. \u017d\u00e1ci a \u017e\u00e1kyn\u011b na\u0161\u00ed \u0161koly dos\u00e1hli vynikaj\u00edc\u00edch v\u00fdsledk\u016f a ob\u011b dru\u017estva star\u0161\u00edch postoupila do krajsk\u00e9ho kola, kter\u00e9 se kon\u00e1 26. 9. ve Star\u00e9 Boleslavi. V\u0161em d\u011bkujeme za p\u0159edveden\u00e9 v\u00fdkony a dr\u017e\u00edme palce v dal\u0161\u00edch sportovn\u00edch kl\u00e1n\u00edch.<\/p>\n","protected":false},"author":4,"featured_media":0,"comment_status":"closed","ping_status":"closed","sticky":false,"template":"","format":"standard","meta":{"ngg_post_thumbnail":0,"footnotes":""},"categories":[1,10],"tags":[],"class_list":["post-71877","post","type-post","status-publish","format-standard","hentry","category-aktuality","category-telocvik"],"_links":{"self":[{"href":"https:\/\/www.zsben.cz\/wordpress\/index.php?rest_route=\/wp\/v2\/posts\/71877","targetHints":{"allow":["GET"]}}],"collection":[{"href":"https:\/\/www.zsben.cz\/wordpress\/index.php?rest_route=\/wp\/v2\/posts"}],"about":[{"href":"https:\/\/www.zsben.cz\/wordpress\/index.php?rest_route=\/wp\/v2\/types\/post"}],"author":[{"embeddable":true,"href":"https:\/\/www.zsben.cz\/wordpress\/index.php?rest_route=\/wp\/v2\/users\/4"}],"replies":[{"embeddable":true,"href":"https:\/\/www.zsben.cz\/wordpress\/index.php?rest_route=%2Fwp%2Fv2%2Fcomments&post=71877"}],"version-history":[{"count":1,"href":"https:\/\/www.zsben.cz\/wordpress\/index.php?rest_route=\/wp\/v2\/posts\/71877\/revisions"}],"predecessor-version":[{"id":71882,"href":"https:\/\/www.zsben.cz\/wordpress\/index.php?rest_route=\/wp\/v2\/posts\/71877\/revisions\/71882"}],"wp:attachment":[{"href":"https:\/\/www.zsben.cz\/wordpress\/index.php?rest_route=%2Fwp%2Fv2%2Fmedia&parent=71877"}],"wp:term":[{"taxonomy":"category","embeddable":true,"href":"https:\/\/www.zsben.cz\/wordpress\/index.php?rest_route=%2Fwp%2Fv2%2Fcategories&post=71877"},{"taxonomy":"post_tag","embeddable":true,"href":"https:\/\/www.zsben.cz\/wordpress\/index.php?rest_route=%2Fwp%2Fv2%2Ftags&post=71877"}],"curies":[{"name":"wp","href":"https:\/\/api.w.org\/{rel}","templated":true}]}}