{"id":70644,"date":"2018-09-11T19:50:42","date_gmt":"2018-09-11T17:50:42","guid":{"rendered":"https:\/\/www.zsben.cz\/wordpress\/?p=70644"},"modified":"2018-09-11T19:50:42","modified_gmt":"2018-09-11T17:50:42","slug":"turisticky-kurz-2-den","status":"publish","type":"post","link":"https:\/\/www.zsben.cz\/wordpress\/?p=70644","title":{"rendered":"Turistick\u00fd kurz 2. den"},"content":{"rendered":"<p>Brzk\u00e9 r\u00e1no, vst\u00e1v\u00e1n\u00ed a&nbsp;<\/p>\n<p>Evino kr\u00e1k\u00e1n\u00ed.<\/p>\n<p>Posp\u00edch\u00e1me na sn\u00eddani,<\/p>\n<p>meloun pad\u00e1 \u00c1n\u011b k zemi.<\/p>\n<p>Pak let\u00edme nahoru,<\/p>\n<p>p\u0159ipravit se na t\u016fru.<\/p>\n<p>Z\u00e1chod ne\u0161el splachovat,<\/p>\n<p>slo\u017eit\u00fd to automat.<\/p>\n<p>Nejd\u0159\u00edv jdeme na rozhlednu,<\/p>\n<p>d\u00edvat se z v\u00fd\u0161ky dol\u016f.<\/p>\n<p>Kreslen\u00ed n\u00e1m ne\u0161lo,<\/p>\n<p>chozen\u00ed v\u0161ak u\u0161lo.<\/p>\n<p>\u010cernou horu p\u0159ed sebou,<\/p>\n<p>chceme ji m\u00edt za sebou.<\/p>\n<p>Prvn\u00ed chatka v d\u00e1lce m\u00e1v\u00e1,<\/p>\n<p>a\u017e si sednem, \u0159eknem sl\u00e1va.<\/p>\n<p>v\u00fdlet jsme p\u0159e\u017eili<\/p>\n<p>a v\u0161ichni si ho u\u017eili.<\/p>\n<p>&nbsp;<\/p>\n<p>autorky: A. Krobov\u00e1, L. Dvo\u0159\u00e1kov\u00e1, K. Pl\u00e1\u0161ilov\u00e1, E. jirkov\u00e1, S. Pa\u017e\u00edtkov\u00e1<\/p>\nngg_shortcode_0_placeholder\n<div class=\"fcbkbttn_buttons_block\" id=\"fcbkbttn_left\"><div class=\"fcbkbttn_like \"><div class=\"fb-like fb-like-button_count\" data-href=\"https:\/\/www.zsben.cz\/wordpress\/?p=70644\" data-colorscheme=\"light\" data-layout=\"button_count\" data-action=\"like\"  data-size=\"small\"><\/div><\/div><div class=\"fb-share-button  \" data-href=\"https:\/\/www.zsben.cz\/wordpress\/?p=70644\" data-type=\"button_count\" data-size=\"small\"><\/div><\/div>","protected":false},"excerpt":{"rendered":"<p>Brzk\u00e9 r\u00e1no, vst\u00e1v\u00e1n\u00ed a&nbsp; Evino kr\u00e1k\u00e1n\u00ed. Posp\u00edch\u00e1me na sn\u00eddani, meloun pad\u00e1 \u00c1n\u011b k zemi. Pak let\u00edme nahoru, p\u0159ipravit se na t\u016fru. Z\u00e1chod ne\u0161el splachovat, slo\u017eit\u00fd to automat. Nejd\u0159\u00edv jdeme na rozhlednu, d\u00edvat se z v\u00fd\u0161ky dol\u016f. Kreslen\u00ed n\u00e1m ne\u0161lo, chozen\u00ed v\u0161ak u\u0161lo. \u010cernou horu p\u0159ed sebou, chceme ji m\u00edt za sebou. Prvn\u00ed chatka v d\u00e1lce [&hellip;]<\/p>\n","protected":false},"author":31,"featured_media":0,"comment_status":"closed","ping_status":"closed","sticky":false,"template":"","format":"standard","meta":{"ngg_post_thumbnail":0,"footnotes":""},"categories":[1],"tags":[],"class_list":["post-70644","post","type-post","status-publish","format-standard","hentry","category-aktuality"],"_links":{"self":[{"href":"https:\/\/www.zsben.cz\/wordpress\/index.php?rest_route=\/wp\/v2\/posts\/70644","targetHints":{"allow":["GET"]}}],"collection":[{"href":"https:\/\/www.zsben.cz\/wordpress\/index.php?rest_route=\/wp\/v2\/posts"}],"about":[{"href":"https:\/\/www.zsben.cz\/wordpress\/index.php?rest_route=\/wp\/v2\/types\/post"}],"author":[{"embeddable":true,"href":"https:\/\/www.zsben.cz\/wordpress\/index.php?rest_route=\/wp\/v2\/users\/31"}],"replies":[{"embeddable":true,"href":"https:\/\/www.zsben.cz\/wordpress\/index.php?rest_route=%2Fwp%2Fv2%2Fcomments&post=70644"}],"version-history":[{"count":1,"href":"https:\/\/www.zsben.cz\/wordpress\/index.php?rest_route=\/wp\/v2\/posts\/70644\/revisions"}],"predecessor-version":[{"id":70645,"href":"https:\/\/www.zsben.cz\/wordpress\/index.php?rest_route=\/wp\/v2\/posts\/70644\/revisions\/70645"}],"wp:attachment":[{"href":"https:\/\/www.zsben.cz\/wordpress\/index.php?rest_route=%2Fwp%2Fv2%2Fmedia&parent=70644"}],"wp:term":[{"taxonomy":"category","embeddable":true,"href":"https:\/\/www.zsben.cz\/wordpress\/index.php?rest_route=%2Fwp%2Fv2%2Fcategories&post=70644"},{"taxonomy":"post_tag","embeddable":true,"href":"https:\/\/www.zsben.cz\/wordpress\/index.php?rest_route=%2Fwp%2Fv2%2Ftags&post=70644"}],"curies":[{"name":"wp","href":"https:\/\/api.w.org\/{rel}","templated":true}]}}