{"id":67804,"date":"2018-05-29T21:09:54","date_gmt":"2018-05-29T19:09:54","guid":{"rendered":"https:\/\/www.zsben.cz\/wordpress\/?p=67804"},"modified":"2018-05-29T21:09:54","modified_gmt":"2018-05-29T19:09:54","slug":"vysoke-tatry-utery","status":"publish","type":"post","link":"https:\/\/www.zsben.cz\/wordpress\/?p=67804","title":{"rendered":"Vysok\u00e9 Tatry (\u00fater\u00fd)"},"content":{"rendered":"<p>Hned r\u00e1no jsme p\u0159istoupili ke zm\u011bn\u011b programu.&nbsp;Podle informac\u00ed o mo\u017en\u00e9m&nbsp;v\u00fdvoji po\u010das\u00ed jsme m\u00edsto na T\u00e9ryho chatu vyrazili sm\u011brem Lomnick\u00fd \u0161t\u00edt 2635m n. m.. Na z\u00e1klad\u011b rychle se m\u011bn\u00edc\u00ed obla\u010dnosti&nbsp;na vrcholu Lomnick\u00e9ho \u0161t\u00edtu, zasedla &#8220;Rada mlad\u0161\u00edch&#8221;, a ta rozhodla, \u017ee to riskneme a za\u010dneme stoupat. Po celou dobu stoup\u00e1n\u00ed na Skalnat\u00e9 pleso (odkud u\u017e jen lanovka na vrchol) bylo kr\u00e1sn\u011b slune\u010dno. Jak to nakonec dopadlo, uvid\u00edte na fotk\u00e1ch.<\/p>\n<p>Z\u00edtra u\u017e n\u00e1s opravdu (opravdu) \u010dek\u00e1 T\u00e9ryho chata.<\/p>\nngg_shortcode_0_placeholder\n<div class=\"fcbkbttn_buttons_block\" id=\"fcbkbttn_left\"><div class=\"fcbkbttn_like \"><div class=\"fb-like fb-like-button_count\" data-href=\"https:\/\/www.zsben.cz\/wordpress\/?p=67804\" data-colorscheme=\"light\" data-layout=\"button_count\" data-action=\"like\"  data-size=\"small\"><\/div><\/div><div class=\"fb-share-button  \" data-href=\"https:\/\/www.zsben.cz\/wordpress\/?p=67804\" data-type=\"button_count\" data-size=\"small\"><\/div><\/div>","protected":false},"excerpt":{"rendered":"<p>Hned r\u00e1no jsme p\u0159istoupili ke zm\u011bn\u011b programu.&nbsp;Podle informac\u00ed o mo\u017en\u00e9m&nbsp;v\u00fdvoji po\u010das\u00ed jsme m\u00edsto na T\u00e9ryho chatu vyrazili sm\u011brem Lomnick\u00fd \u0161t\u00edt 2635m n. m.. Na z\u00e1klad\u011b rychle se m\u011bn\u00edc\u00ed obla\u010dnosti&nbsp;na vrcholu Lomnick\u00e9ho \u0161t\u00edtu, zasedla &#8220;Rada mlad\u0161\u00edch&#8221;, a ta rozhodla, \u017ee to riskneme a za\u010dneme stoupat. Po celou dobu stoup\u00e1n\u00ed na Skalnat\u00e9 pleso (odkud u\u017e jen lanovka [&hellip;]<\/p>\n","protected":false},"author":4,"featured_media":0,"comment_status":"closed","ping_status":"closed","sticky":false,"template":"","format":"standard","meta":{"ngg_post_thumbnail":0,"footnotes":""},"categories":[1,10],"tags":[],"class_list":["post-67804","post","type-post","status-publish","format-standard","hentry","category-aktuality","category-telocvik"],"_links":{"self":[{"href":"https:\/\/www.zsben.cz\/wordpress\/index.php?rest_route=\/wp\/v2\/posts\/67804","targetHints":{"allow":["GET"]}}],"collection":[{"href":"https:\/\/www.zsben.cz\/wordpress\/index.php?rest_route=\/wp\/v2\/posts"}],"about":[{"href":"https:\/\/www.zsben.cz\/wordpress\/index.php?rest_route=\/wp\/v2\/types\/post"}],"author":[{"embeddable":true,"href":"https:\/\/www.zsben.cz\/wordpress\/index.php?rest_route=\/wp\/v2\/users\/4"}],"replies":[{"embeddable":true,"href":"https:\/\/www.zsben.cz\/wordpress\/index.php?rest_route=%2Fwp%2Fv2%2Fcomments&post=67804"}],"version-history":[{"count":1,"href":"https:\/\/www.zsben.cz\/wordpress\/index.php?rest_route=\/wp\/v2\/posts\/67804\/revisions"}],"predecessor-version":[{"id":67805,"href":"https:\/\/www.zsben.cz\/wordpress\/index.php?rest_route=\/wp\/v2\/posts\/67804\/revisions\/67805"}],"wp:attachment":[{"href":"https:\/\/www.zsben.cz\/wordpress\/index.php?rest_route=%2Fwp%2Fv2%2Fmedia&parent=67804"}],"wp:term":[{"taxonomy":"category","embeddable":true,"href":"https:\/\/www.zsben.cz\/wordpress\/index.php?rest_route=%2Fwp%2Fv2%2Fcategories&post=67804"},{"taxonomy":"post_tag","embeddable":true,"href":"https:\/\/www.zsben.cz\/wordpress\/index.php?rest_route=%2Fwp%2Fv2%2Ftags&post=67804"}],"curies":[{"name":"wp","href":"https:\/\/api.w.org\/{rel}","templated":true}]}}