{"id":64286,"date":"2018-02-14T22:10:58","date_gmt":"2018-02-14T21:10:58","guid":{"rendered":"https:\/\/www.zsben.cz\/wordpress\/?p=64286"},"modified":"2018-02-14T22:10:58","modified_gmt":"2018-02-14T21:10:58","slug":"8-c-potreti","status":"publish","type":"post","link":"https:\/\/www.zsben.cz\/wordpress\/?p=64286","title":{"rendered":"8. C pot\u0159et\u00ed"},"content":{"rendered":"<p>Op\u011bt zdrav\u00edme z Krkono\u0161.<\/p>\n<p>Souhrn dne:<\/p>\n<ol>\n<li>Sn\u00eddan\u011b &#8211; op\u011bt perfektn\u00ed<\/li>\n<li>Velk\u00e1 zima &#8211; odjezd a\u017e v 10 hodin<\/li>\n<li>\u0160pindler\u016fv Ml\u00fdn &#8211; Led\u00e1rium<\/li>\n<li>Str\u00e1\u017en\u00e9 &#8211; vzpom\u00ednka na ly\u017ea\u0159sk\u00fd kurz + dobr\u00fd ob\u011bd<\/li>\n<li>Lesn\u00ed bouda &#8211; kr\u00e1sn\u00fd 10-ti kilometrov\u00fd okruh + ob\u011bd<\/li>\n<li>Tet\u0159ev\u00ed bouda &#8211; nakonec nenalezena<\/li>\n<li>Ve\u010de\u0159e<\/li>\n<li>Ve\u010dern\u00ed sjezd s \u010delovkami<\/li>\n<li><strong>VELMI DULE\u017dIT\u00c9 &#8211; p\u00e1te\u010dn\u00ed p\u0159\u00edjezd posunut na 13 hodinu!!!<\/strong><\/li>\n<li>\nngg_shortcode_0_placeholder\n<\/li>\n<\/ol>\n<div class=\"fcbkbttn_buttons_block\" id=\"fcbkbttn_left\"><div class=\"fcbkbttn_like \"><div class=\"fb-like fb-like-button_count\" data-href=\"https:\/\/www.zsben.cz\/wordpress\/?p=64286\" data-colorscheme=\"light\" data-layout=\"button_count\" data-action=\"like\"  data-size=\"small\"><\/div><\/div><div class=\"fb-share-button  \" data-href=\"https:\/\/www.zsben.cz\/wordpress\/?p=64286\" data-type=\"button_count\" data-size=\"small\"><\/div><\/div>","protected":false},"excerpt":{"rendered":"<p>Op\u011bt zdrav\u00edme z Krkono\u0161. Souhrn dne: Sn\u00eddan\u011b &#8211; op\u011bt perfektn\u00ed Velk\u00e1 zima &#8211; odjezd a\u017e v 10 hodin \u0160pindler\u016fv Ml\u00fdn &#8211; Led\u00e1rium Str\u00e1\u017en\u00e9 &#8211; vzpom\u00ednka na ly\u017ea\u0159sk\u00fd kurz + dobr\u00fd ob\u011bd Lesn\u00ed bouda &#8211; kr\u00e1sn\u00fd 10-ti kilometrov\u00fd okruh + ob\u011bd Tet\u0159ev\u00ed bouda &#8211; nakonec nenalezena Ve\u010de\u0159e Ve\u010dern\u00ed sjezd s \u010delovkami VELMI DULE\u017dIT\u00c9 &#8211; p\u00e1te\u010dn\u00ed p\u0159\u00edjezd [&hellip;]<\/p>\n","protected":false},"author":4,"featured_media":0,"comment_status":"closed","ping_status":"closed","sticky":false,"template":"","format":"standard","meta":{"ngg_post_thumbnail":0,"footnotes":""},"categories":[1,10],"tags":[],"class_list":["post-64286","post","type-post","status-publish","format-standard","hentry","category-aktuality","category-telocvik"],"_links":{"self":[{"href":"https:\/\/www.zsben.cz\/wordpress\/index.php?rest_route=\/wp\/v2\/posts\/64286","targetHints":{"allow":["GET"]}}],"collection":[{"href":"https:\/\/www.zsben.cz\/wordpress\/index.php?rest_route=\/wp\/v2\/posts"}],"about":[{"href":"https:\/\/www.zsben.cz\/wordpress\/index.php?rest_route=\/wp\/v2\/types\/post"}],"author":[{"embeddable":true,"href":"https:\/\/www.zsben.cz\/wordpress\/index.php?rest_route=\/wp\/v2\/users\/4"}],"replies":[{"embeddable":true,"href":"https:\/\/www.zsben.cz\/wordpress\/index.php?rest_route=%2Fwp%2Fv2%2Fcomments&post=64286"}],"version-history":[{"count":1,"href":"https:\/\/www.zsben.cz\/wordpress\/index.php?rest_route=\/wp\/v2\/posts\/64286\/revisions"}],"predecessor-version":[{"id":64287,"href":"https:\/\/www.zsben.cz\/wordpress\/index.php?rest_route=\/wp\/v2\/posts\/64286\/revisions\/64287"}],"wp:attachment":[{"href":"https:\/\/www.zsben.cz\/wordpress\/index.php?rest_route=%2Fwp%2Fv2%2Fmedia&parent=64286"}],"wp:term":[{"taxonomy":"category","embeddable":true,"href":"https:\/\/www.zsben.cz\/wordpress\/index.php?rest_route=%2Fwp%2Fv2%2Fcategories&post=64286"},{"taxonomy":"post_tag","embeddable":true,"href":"https:\/\/www.zsben.cz\/wordpress\/index.php?rest_route=%2Fwp%2Fv2%2Ftags&post=64286"}],"curies":[{"name":"wp","href":"https:\/\/api.w.org\/{rel}","templated":true}]}}