{"id":622,"date":"2009-02-04T21:03:13","date_gmt":"2009-02-04T20:03:13","guid":{"rendered":"http:\/\/www.zsben.cz\/wordpress\/?p=622"},"modified":"2009-02-25T12:25:23","modified_gmt":"2009-02-25T11:25:23","slug":"projekt-ikc","status":"publish","type":"post","link":"https:\/\/www.zsben.cz\/wordpress\/?p=622","title":{"rendered":"Projekt IKC"},"content":{"rendered":"<p style=\"text-align: center;\"><img loading=\"lazy\" decoding=\"async\" class=\"size-full wp-image-165 alignnone\" title=\"projekt - hlavi\u010dka 1\" src=\"http:\/\/www.zsben.cz\/wordpress\/wp-content\/uploads\/2008\/09\/image001.jpg\" alt=\"projekt - hlavi\u010dka 1\" width=\"69\" height=\"53\" \/><img loading=\"lazy\" decoding=\"async\" class=\"size-full wp-image-166 alignnone\" title=\"projekt - hlavi\u010dka 2\" src=\"http:\/\/www.zsben.cz\/wordpress\/wp-content\/uploads\/2008\/09\/image002.jpg\" alt=\"projekt - hlavi\u010dka 2\" width=\"68\" height=\"53\" \/><img loading=\"lazy\" decoding=\"async\" class=\"size-full wp-image-167 alignnone\" title=\"projekt - hlavi\u010dka 3\" src=\"http:\/\/www.zsben.cz\/wordpress\/wp-content\/uploads\/2008\/09\/image003.jpg\" alt=\"projekt - hlavi\u010dka 3\" width=\"110\" height=\"53\" \/><img loading=\"lazy\" decoding=\"async\" class=\"size-full wp-image-168 alignnone\" title=\"projekt - hlavi\u010dka 4\" src=\"http:\/\/www.zsben.cz\/wordpress\/wp-content\/uploads\/2008\/09\/image004.jpg\" alt=\"projekt - hlavi\u010dka 4\" width=\"68\" height=\"53\" \/><img loading=\"lazy\" decoding=\"async\" class=\"alignnone\" title=\"Logo \u0161koly\" src=\"http:\/\/www.zsben.cz\/nove\/images\/logo.gif\" alt=\"\" width=\"71\" height=\"57\" \/><\/p>\n<p style=\"text-align: center;\"><span style=\"font-family: tahoma,arial,helvetica,sans-serif;\"><span style=\"color: #999999;\"><span style=\"font-size: xx-small;\">INVESTICE DO ROZVOJE VZD\u011aL\u00c1N\u00cd<\/span><\/span><\/span><\/p>\n<p>Od 1. ledna 2009 jsme za\u010dali s realizac\u00ed na\u0161eho evropsk\u00e9ho projektu<\/p>\n<p style=\"text-align: center;\"><span style=\"font-size: large;\"><span style=\"color: #ff6600;\"><strong>Informa\u010dn\u00ed a komunitn\u00ed centrum <\/strong><\/span><\/span><\/p>\n<p style=\"text-align: center;\"><span style=\"font-size: large;\"><span style=\"color: #ff6600;\"><strong>na Z\u0160 Bene\u0161ov, Dukelsk\u00e1 1818.<\/strong><\/span><\/span><\/p>\n<p>V r\u00e1mci tohoto projektu spust\u00edme v horizontu m\u011bs\u00edce informa\u010dn\u00ed port\u00e1l s adresou <span style=\"color: #333399;\"><span style=\"font-size: medium;\"><span style=\"text-decoration: underline;\">ikc.zsben.cz<\/span><\/span><\/span> na kter\u00e9m se dozv\u00edte dal\u0161\u00ed informace. V souvislosti s t\u00edmto projektem vypisujeme <span style=\"color: #333399;\"><span style=\"font-size: small;\">v\u00fdb\u011brov\u00e9 \u0159\u00edzen\u00ed na obsazen\u00ed\u00a0 pozice knihovn\u00edka a spr\u00e1vce<\/span><\/span> (uzav\u0159eno) Informa\u010dn\u00edho a komunitn\u00edho centra. Konkr\u00e9tn\u00ed informace o po\u017eadavc\u00edch na tuto pozici se dozv\u00edte na \u010d. tel. 317 765123 nebo 317765121 nebo v kancel\u00e1\u0159i \u0161koly.<\/p>\n<p style=\"text-align: right;\">Mgr. Lubor Br\u00e1zda<\/p>\n<p style=\"text-align: right;\">projektov\u00fd mana\u017eer<\/p>\n<div class=\"fcbkbttn_buttons_block\" id=\"fcbkbttn_left\"><div class=\"fcbkbttn_like \"><div class=\"fb-like fb-like-button_count\" data-href=\"https:\/\/www.zsben.cz\/wordpress\/?p=622\" data-colorscheme=\"light\" data-layout=\"button_count\" data-action=\"like\"  data-size=\"small\"><\/div><\/div><div class=\"fb-share-button  \" data-href=\"https:\/\/www.zsben.cz\/wordpress\/?p=622\" data-type=\"button_count\" data-size=\"small\"><\/div><\/div>","protected":false},"excerpt":{"rendered":"<p>INVESTICE DO ROZVOJE VZD\u011aL\u00c1N\u00cd Od 1. ledna 2009 jsme za\u010dali s realizac\u00ed na\u0161eho evropsk\u00e9ho projektu Informa\u010dn\u00ed a komunitn\u00ed centrum na Z\u0160 Bene\u0161ov, Dukelsk\u00e1 1818. V r\u00e1mci tohoto projektu spust\u00edme v horizontu m\u011bs\u00edce informa\u010dn\u00ed port\u00e1l s adresou ikc.zsben.cz na kter\u00e9m se dozv\u00edte dal\u0161\u00ed informace. V souvislosti s t\u00edmto projektem vypisujeme v\u00fdb\u011brov\u00e9 \u0159\u00edzen\u00ed na obsazen\u00ed\u00a0 pozice knihovn\u00edka [&hellip;]<\/p>\n","protected":false},"author":1,"featured_media":0,"comment_status":"closed","ping_status":"closed","sticky":false,"template":"","format":"standard","meta":{"ngg_post_thumbnail":0,"footnotes":""},"categories":[1],"tags":[],"class_list":["post-622","post","type-post","status-publish","format-standard","hentry","category-aktuality"],"_links":{"self":[{"href":"https:\/\/www.zsben.cz\/wordpress\/index.php?rest_route=\/wp\/v2\/posts\/622","targetHints":{"allow":["GET"]}}],"collection":[{"href":"https:\/\/www.zsben.cz\/wordpress\/index.php?rest_route=\/wp\/v2\/posts"}],"about":[{"href":"https:\/\/www.zsben.cz\/wordpress\/index.php?rest_route=\/wp\/v2\/types\/post"}],"author":[{"embeddable":true,"href":"https:\/\/www.zsben.cz\/wordpress\/index.php?rest_route=\/wp\/v2\/users\/1"}],"replies":[{"embeddable":true,"href":"https:\/\/www.zsben.cz\/wordpress\/index.php?rest_route=%2Fwp%2Fv2%2Fcomments&post=622"}],"version-history":[{"count":4,"href":"https:\/\/www.zsben.cz\/wordpress\/index.php?rest_route=\/wp\/v2\/posts\/622\/revisions"}],"predecessor-version":[{"id":624,"href":"https:\/\/www.zsben.cz\/wordpress\/index.php?rest_route=\/wp\/v2\/posts\/622\/revisions\/624"}],"wp:attachment":[{"href":"https:\/\/www.zsben.cz\/wordpress\/index.php?rest_route=%2Fwp%2Fv2%2Fmedia&parent=622"}],"wp:term":[{"taxonomy":"category","embeddable":true,"href":"https:\/\/www.zsben.cz\/wordpress\/index.php?rest_route=%2Fwp%2Fv2%2Fcategories&post=622"},{"taxonomy":"post_tag","embeddable":true,"href":"https:\/\/www.zsben.cz\/wordpress\/index.php?rest_route=%2Fwp%2Fv2%2Ftags&post=622"}],"curies":[{"name":"wp","href":"https:\/\/api.w.org\/{rel}","templated":true}]}}