{"id":61741,"date":"2017-12-18T18:49:48","date_gmt":"2017-12-18T17:49:48","guid":{"rendered":"https:\/\/www.zsben.cz\/wordpress\/?p=61741"},"modified":"2017-12-18T19:09:59","modified_gmt":"2017-12-18T18:09:59","slug":"oceneni-stredoceskeho-kraje-pro-nase-florbalistky-a-redakcni-radu-casopisu-labyrint","status":"publish","type":"post","link":"https:\/\/www.zsben.cz\/wordpress\/?p=61741","title":{"rendered":"Ocen\u011bn\u00ed St\u0159edo\u010desk\u00e9ho kraje pro na\u0161e florbalistky a redak\u010dn\u00ed radu \u010dasopisu Labyrint"},"content":{"rendered":"<p>    Dnes 18. prosince se uskute\u010dnilo oce\u0148ov\u00e1n\u00ed \u017e\u00e1k\u016f St\u0159edo\u010desk\u00e9ho kraje za mimo\u0159\u00e1dn\u00e9 \u00fasp\u011bchy ve \u0161koln\u00edm roce 2016\/17 hejtmankou Jaroslavou Pokornou Jermanovou. Letos se tato akce konala na p\u016fd\u011b Krajsk\u00e9ho \u00fa\u0159adu St\u0159edo\u010desk\u00e9ho kraje v Praze. Program byl rozd\u011blen na 2 \u010d\u00e1sti. Prvn\u00ed za\u010dala od 10 hodin, zde byli ocen\u011bni \u017e\u00e1ci za v\u011bdomostn\u00ed a liter\u00e1rn\u00ed sout\u011b\u017ee. Druh\u00e1 \u010d\u00e1st vypukla ve 13 hodin, zde zasedli \u017e\u00e1ci a studenti, kte\u0159\u00ed vynikli ve sportovn\u00edch sout\u011b\u017e\u00edch.<br \/>\n    My z \u010dasopisu jsme se vydali na 10. hodinu spole\u010dn\u011b s Tobi\u00e1\u0161em Truhelkou, kter\u00fd byl ocen\u011bn za 2. m\u00edsto v republice v sout\u011b\u017ei Matematick\u00fd klokan. Samotn\u00e9 pod\u011bkov\u00e1n\u00ed prob\u00edhalo v zasedac\u00ed m\u00edstnosti, kde si v\u0161ichni z\u00fa\u010dastn\u011bn\u00ed do\u0161li pro diplom a pouk\u00e1zky do Hervisu, kter\u00e9 p\u0159ed\u00e1val nov\u00fd ministr \u0161kolstv\u00ed Robert Plaga. Od jedn\u00e9 hodiny byly ocen\u011bny i na\u0161e florbalistky, kter\u00e9 vyhr\u00e1ly 1. m\u00edsto v republice. Po obou \u010d\u00e1stech bylo v\u017edy p\u0159ipraven\u00e9 v\u00fdborn\u00e9 ob\u010derstven\u00ed.<br \/>\n    Z Krajsk\u00e9ho \u00fa\u0159adu St\u0159edo\u010desk\u00e9ho kraje jsme se tramvaj\u00ed vydali zp\u011bt na n\u00e1\u0161 rychl\u00edk. Cestou jsme ale za\u017eili nep\u0159\u00edjemn\u00e9 zpest\u0159en\u00ed. N\u00e1\u0161 rychl\u00edk v \u0158\u00ed\u010danech zastavil. Za chvilku n\u00e1m pan\u00ed pr\u016fvod\u010d\u00ed ozn\u00e1mila, \u017ee lokomotiva m\u00e1 poruchu. Na\u0161t\u011bst\u00ed jsme rychle p\u0159estoupili do osobn\u00edho vlaku City Elephant a pohodln\u011b dojeli dom\u016f.<br \/>\n    Jsme r\u00e1di, \u017ee kraj mysl\u00ed na sv\u00e9 \u00fasp\u011b\u0161n\u00e9 \u017e\u00e1ky a studenty. D\u011bkujeme, \u017ee jsme se t\u00e9to akce mohli z\u00fa\u010dastnit, moc se n\u00e1m to l\u00edbilo.<\/p>\n<p>Vlasta Hor\u00e1kov\u00e1, \u0160\u00e1rka Neuwirthov\u00e1 a Adam Stola\u0159<\/p>\n<p><img loading=\"lazy\" decoding=\"async\" src=\"https:\/\/www.zsben.cz\/wordpress\/wp-content\/uploads\/2017\/12\/Ocen\u011bn\u00ed-St\u0159edo\u010desk\u00fdm-krajem-e1513618981503-500x363.jpg\" alt=\"\" width=\"500\" height=\"363\" class=\"alignnone size-medium wp-image-61744\" srcset=\"https:\/\/www.zsben.cz\/wordpress\/wp-content\/uploads\/2017\/12\/Ocen\u011bn\u00ed-St\u0159edo\u010desk\u00fdm-krajem-e1513618981503-500x363.jpg 500w, https:\/\/www.zsben.cz\/wordpress\/wp-content\/uploads\/2017\/12\/Ocen\u011bn\u00ed-St\u0159edo\u010desk\u00fdm-krajem-e1513618981503-150x109.jpg 150w, https:\/\/www.zsben.cz\/wordpress\/wp-content\/uploads\/2017\/12\/Ocen\u011bn\u00ed-St\u0159edo\u010desk\u00fdm-krajem-e1513618981503-768x558.jpg 768w, https:\/\/www.zsben.cz\/wordpress\/wp-content\/uploads\/2017\/12\/Ocen\u011bn\u00ed-St\u0159edo\u010desk\u00fdm-krajem-e1513618981503-1024x743.jpg 1024w, https:\/\/www.zsben.cz\/wordpress\/wp-content\/uploads\/2017\/12\/Ocen\u011bn\u00ed-St\u0159edo\u010desk\u00fdm-krajem-e1513618981503.jpg 1168w\" sizes=\"auto, (max-width: 500px) 100vw, 500px\" \/><br \/>\nngg_shortcode_0_placeholder <\/p>\n<div class=\"fcbkbttn_buttons_block\" id=\"fcbkbttn_left\"><div class=\"fcbkbttn_like \"><div class=\"fb-like fb-like-button_count\" data-href=\"https:\/\/www.zsben.cz\/wordpress\/?p=61741\" data-colorscheme=\"light\" data-layout=\"button_count\" data-action=\"like\"  data-size=\"small\"><\/div><\/div><div class=\"fb-share-button  \" data-href=\"https:\/\/www.zsben.cz\/wordpress\/?p=61741\" data-type=\"button_count\" data-size=\"small\"><\/div><\/div>","protected":false},"excerpt":{"rendered":"<p>Dnes 18. prosince se uskute\u010dnilo oce\u0148ov\u00e1n\u00ed \u017e\u00e1k\u016f St\u0159edo\u010desk\u00e9ho kraje za mimo\u0159\u00e1dn\u00e9 \u00fasp\u011bchy ve \u0161koln\u00edm roce 2016\/17 hejtmankou Jaroslavou Pokornou Jermanovou. Letos se tato akce konala na p\u016fd\u011b Krajsk\u00e9ho \u00fa\u0159adu St\u0159edo\u010desk\u00e9ho kraje v Praze. Program byl rozd\u011blen na 2 \u010d\u00e1sti. Prvn\u00ed za\u010dala od 10 hodin, zde byli ocen\u011bni \u017e\u00e1ci za v\u011bdomostn\u00ed a liter\u00e1rn\u00ed sout\u011b\u017ee. Druh\u00e1 \u010d\u00e1st [&hellip;]<\/p>\n","protected":false},"author":1,"featured_media":0,"comment_status":"closed","ping_status":"closed","sticky":false,"template":"","format":"standard","meta":{"ngg_post_thumbnail":0,"footnotes":""},"categories":[1],"tags":[],"class_list":["post-61741","post","type-post","status-publish","format-standard","hentry","category-aktuality"],"_links":{"self":[{"href":"https:\/\/www.zsben.cz\/wordpress\/index.php?rest_route=\/wp\/v2\/posts\/61741","targetHints":{"allow":["GET"]}}],"collection":[{"href":"https:\/\/www.zsben.cz\/wordpress\/index.php?rest_route=\/wp\/v2\/posts"}],"about":[{"href":"https:\/\/www.zsben.cz\/wordpress\/index.php?rest_route=\/wp\/v2\/types\/post"}],"author":[{"embeddable":true,"href":"https:\/\/www.zsben.cz\/wordpress\/index.php?rest_route=\/wp\/v2\/users\/1"}],"replies":[{"embeddable":true,"href":"https:\/\/www.zsben.cz\/wordpress\/index.php?rest_route=%2Fwp%2Fv2%2Fcomments&post=61741"}],"version-history":[{"count":8,"href":"https:\/\/www.zsben.cz\/wordpress\/index.php?rest_route=\/wp\/v2\/posts\/61741\/revisions"}],"predecessor-version":[{"id":61750,"href":"https:\/\/www.zsben.cz\/wordpress\/index.php?rest_route=\/wp\/v2\/posts\/61741\/revisions\/61750"}],"wp:attachment":[{"href":"https:\/\/www.zsben.cz\/wordpress\/index.php?rest_route=%2Fwp%2Fv2%2Fmedia&parent=61741"}],"wp:term":[{"taxonomy":"category","embeddable":true,"href":"https:\/\/www.zsben.cz\/wordpress\/index.php?rest_route=%2Fwp%2Fv2%2Fcategories&post=61741"},{"taxonomy":"post_tag","embeddable":true,"href":"https:\/\/www.zsben.cz\/wordpress\/index.php?rest_route=%2Fwp%2Fv2%2Ftags&post=61741"}],"curies":[{"name":"wp","href":"https:\/\/api.w.org\/{rel}","templated":true}]}}