{"id":60875,"date":"2017-11-15T12:23:54","date_gmt":"2017-11-15T11:23:54","guid":{"rendered":"https:\/\/www.zsben.cz\/wordpress\/?p=60875"},"modified":"2017-11-15T12:23:54","modified_gmt":"2017-11-15T11:23:54","slug":"uspechy-malych-basketbalistu","status":"publish","type":"post","link":"https:\/\/www.zsben.cz\/wordpress\/?p=60875","title":{"rendered":"\u00daSP\u011aCHY MAL\u00ddCH BASKETBALIST\u016e"},"content":{"rendered":"<p>Stejn\u011b jako v minul\u00fdch letech, tak i letos otev\u0159ela Z\u00e1klan\u00ed \u0161kola Bene\u0161ov Dukelsk\u00e1 pro d\u011bti z prvn\u00edho stupn\u011b krou\u017eky minibasketbalu, kter\u00e9 rodi\u010de naplnili p\u0159ihl\u00e1\u0161kami b\u011bhem p\u00e1r minut p\u0159i zah\u00e1jen\u00ed leto\u0161n\u00edho \u0161koln\u00edho roku.<\/p>\n<p>D\u011bti z krou\u017eku miniko\u0161\u00edkov\u00e9 ur\u010den\u00e9ho pro d\u011bv\u010data a chlapce z 3. &#8211; 5.t\u0159\u00edd se ji\u017e \u00fasp\u011b\u0161n\u011b zapojili do t\u011bchto turnaj\u016f :<\/p>\n<p class=\"gde-text\"><a href=\"https:\/\/www.zsben.cz\/wordpress\/wp-content\/uploads\/2017\/11\/minibasket2017.pdf\" class=\"gde-link\" onClick=\"_gaq.push(['_trackEvent', 'Google Doc Embedder', 'St\u00e1hnout', this.href]);\">St\u00e1hnout (PDF, Nezn\u00e1m\u00fd)<\/a><\/p>\n<iframe src=\"\/\/docs.google.com\/viewer?url=https%3A%2F%2Fwww.zsben.cz%2Fwordpress%2Fwp-content%2Fuploads%2F2017%2F11%2Fminibasket2017.pdf&hl=cs&embedded=true\" class=\"gde-frame\" style=\"width:100%; height:700px; border: none;\" scrolling=\"no\"><\/iframe>\n<div class=\"fcbkbttn_buttons_block\" id=\"fcbkbttn_left\"><div class=\"fcbkbttn_like \"><div class=\"fb-like fb-like-button_count\" data-href=\"https:\/\/www.zsben.cz\/wordpress\/?p=60875\" data-colorscheme=\"light\" data-layout=\"button_count\" data-action=\"like\"  data-size=\"small\"><\/div><\/div><div class=\"fb-share-button  \" data-href=\"https:\/\/www.zsben.cz\/wordpress\/?p=60875\" data-type=\"button_count\" data-size=\"small\"><\/div><\/div>","protected":false},"excerpt":{"rendered":"<p>Stejn\u011b jako v minul\u00fdch letech, tak i letos otev\u0159ela Z\u00e1klan\u00ed \u0161kola Bene\u0161ov Dukelsk\u00e1 pro d\u011bti z prvn\u00edho stupn\u011b krou\u017eky minibasketbalu, kter\u00e9 rodi\u010de naplnili p\u0159ihl\u00e1\u0161kami b\u011bhem p\u00e1r minut p\u0159i zah\u00e1jen\u00ed leto\u0161n\u00edho \u0161koln\u00edho roku. D\u011bti z krou\u017eku miniko\u0161\u00edkov\u00e9 ur\u010den\u00e9ho pro d\u011bv\u010data a chlapce z 3. &#8211; 5.t\u0159\u00edd se ji\u017e \u00fasp\u011b\u0161n\u011b zapojili do t\u011bchto turnaj\u016f :<\/p>\n","protected":false},"author":1,"featured_media":0,"comment_status":"closed","ping_status":"closed","sticky":false,"template":"","format":"standard","meta":{"ngg_post_thumbnail":0,"footnotes":""},"categories":[1],"tags":[],"class_list":["post-60875","post","type-post","status-publish","format-standard","hentry","category-aktuality"],"_links":{"self":[{"href":"https:\/\/www.zsben.cz\/wordpress\/index.php?rest_route=\/wp\/v2\/posts\/60875","targetHints":{"allow":["GET"]}}],"collection":[{"href":"https:\/\/www.zsben.cz\/wordpress\/index.php?rest_route=\/wp\/v2\/posts"}],"about":[{"href":"https:\/\/www.zsben.cz\/wordpress\/index.php?rest_route=\/wp\/v2\/types\/post"}],"author":[{"embeddable":true,"href":"https:\/\/www.zsben.cz\/wordpress\/index.php?rest_route=\/wp\/v2\/users\/1"}],"replies":[{"embeddable":true,"href":"https:\/\/www.zsben.cz\/wordpress\/index.php?rest_route=%2Fwp%2Fv2%2Fcomments&post=60875"}],"version-history":[{"count":2,"href":"https:\/\/www.zsben.cz\/wordpress\/index.php?rest_route=\/wp\/v2\/posts\/60875\/revisions"}],"predecessor-version":[{"id":60878,"href":"https:\/\/www.zsben.cz\/wordpress\/index.php?rest_route=\/wp\/v2\/posts\/60875\/revisions\/60878"}],"wp:attachment":[{"href":"https:\/\/www.zsben.cz\/wordpress\/index.php?rest_route=%2Fwp%2Fv2%2Fmedia&parent=60875"}],"wp:term":[{"taxonomy":"category","embeddable":true,"href":"https:\/\/www.zsben.cz\/wordpress\/index.php?rest_route=%2Fwp%2Fv2%2Fcategories&post=60875"},{"taxonomy":"post_tag","embeddable":true,"href":"https:\/\/www.zsben.cz\/wordpress\/index.php?rest_route=%2Fwp%2Fv2%2Ftags&post=60875"}],"curies":[{"name":"wp","href":"https:\/\/api.w.org\/{rel}","templated":true}]}}