{"id":60775,"date":"2017-11-10T16:40:01","date_gmt":"2017-11-10T15:40:01","guid":{"rendered":"https:\/\/www.zsben.cz\/wordpress\/?p=60775"},"modified":"2017-11-10T18:04:29","modified_gmt":"2017-11-10T17:04:29","slug":"1-a-2-misto-v-republikovem-finale-pro-nas-skolni-casopis-labyrint","status":"publish","type":"post","link":"https:\/\/www.zsben.cz\/wordpress\/?p=60775","title":{"rendered":"1. a 2. m\u00edsto v republice pro n\u00e1\u0161 \u0161koln\u00ed \u010dasopis Labyrint"},"content":{"rendered":"<p>Dnes se 4 \u010dlenov\u00e9 redakce \u0161koln\u00edho \u010dasopisu vydali do Brna, kde se na Fakult\u011b soci\u00e1ln\u00edch studi\u00ed Masarykovy univerzity v r\u00e1mci Multimedi\u00e1ln\u00edho dne konalo vyhl\u00e1\u0161en\u00ed republikov\u00e9ho fin\u00e1le sout\u011b\u017ee \u0160koln\u00ed \u010dasopis roku 2017. Pro v\u0161echny byl p\u0159ipraven bohat\u00fd program i ob\u010derstven\u00ed.<br \/>\nN\u00e1\u0161 \u010dasopis Labyrint sout\u011b\u017eil v kategorii 2. stupe\u0148 se dv\u011bma \u010dasopisy &#8211; ti\u0161t\u011bn\u00fdm a webov\u00fdm. Webov\u00fd \u010dasopis se um\u00edstil na 1. m\u00edst\u011b v republice (stejn\u011b jako minul\u00fd rok) a ti\u0161t\u011bn\u00fd \u010dasopis z\u00edskal 2. m\u00edsto za TITULKU.<br \/>\nJsme r\u00e1di, \u017ee jsme z\u00edskali tato ocen\u011bn\u00ed, velmi si toho v\u00e1\u017e\u00edme.<br \/>\nD\u011bkuji v\u0161em redaktor\u016fm za jejich pr\u00e1ci a reprezentaci \u0161koly.<br \/>\nMgr. Kamila Stola\u0159ov\u00e1  <\/p>\n<p><img loading=\"lazy\" decoding=\"async\" src=\"https:\/\/www.zsben.cz\/wordpress\/wp-content\/uploads\/2017\/11\/Diplom-2.-m\u00edsto-titulka-republika-2017-Brno-363x500.jpg\" alt=\"\" width=\"363\" height=\"500\" class=\"alignnone size-medium wp-image-60808\" srcset=\"https:\/\/www.zsben.cz\/wordpress\/wp-content\/uploads\/2017\/11\/Diplom-2.-m\u00edsto-titulka-republika-2017-Brno-363x500.jpg 363w, https:\/\/www.zsben.cz\/wordpress\/wp-content\/uploads\/2017\/11\/Diplom-2.-m\u00edsto-titulka-republika-2017-Brno-109x150.jpg 109w, https:\/\/www.zsben.cz\/wordpress\/wp-content\/uploads\/2017\/11\/Diplom-2.-m\u00edsto-titulka-republika-2017-Brno-768x1058.jpg 768w, https:\/\/www.zsben.cz\/wordpress\/wp-content\/uploads\/2017\/11\/Diplom-2.-m\u00edsto-titulka-republika-2017-Brno-743x1024.jpg 743w, https:\/\/www.zsben.cz\/wordpress\/wp-content\/uploads\/2017\/11\/Diplom-2.-m\u00edsto-titulka-republika-2017-Brno.jpg 848w\" sizes=\"auto, (max-width: 363px) 100vw, 363px\" \/><br \/>\n<img loading=\"lazy\" decoding=\"async\" src=\"https:\/\/www.zsben.cz\/wordpress\/wp-content\/uploads\/2017\/11\/1.-m\u00edsto-\u010dasopis-roku-2017-Brno-363x500.jpg\" alt=\"\" width=\"363\" height=\"500\" class=\"alignnone size-medium wp-image-60807\" srcset=\"https:\/\/www.zsben.cz\/wordpress\/wp-content\/uploads\/2017\/11\/1.-m\u00edsto-\u010dasopis-roku-2017-Brno-363x500.jpg 363w, https:\/\/www.zsben.cz\/wordpress\/wp-content\/uploads\/2017\/11\/1.-m\u00edsto-\u010dasopis-roku-2017-Brno-109x150.jpg 109w, https:\/\/www.zsben.cz\/wordpress\/wp-content\/uploads\/2017\/11\/1.-m\u00edsto-\u010dasopis-roku-2017-Brno-768x1058.jpg 768w, https:\/\/www.zsben.cz\/wordpress\/wp-content\/uploads\/2017\/11\/1.-m\u00edsto-\u010dasopis-roku-2017-Brno-743x1024.jpg 743w, https:\/\/www.zsben.cz\/wordpress\/wp-content\/uploads\/2017\/11\/1.-m\u00edsto-\u010dasopis-roku-2017-Brno.jpg 848w\" sizes=\"auto, (max-width: 363px) 100vw, 363px\" \/><br \/>\nngg_shortcode_0_placeholder<\/p>\n<div class=\"fcbkbttn_buttons_block\" id=\"fcbkbttn_left\"><div class=\"fcbkbttn_like \"><div class=\"fb-like fb-like-button_count\" data-href=\"https:\/\/www.zsben.cz\/wordpress\/?p=60775\" data-colorscheme=\"light\" data-layout=\"button_count\" data-action=\"like\"  data-size=\"small\"><\/div><\/div><div class=\"fb-share-button  \" data-href=\"https:\/\/www.zsben.cz\/wordpress\/?p=60775\" data-type=\"button_count\" data-size=\"small\"><\/div><\/div>","protected":false},"excerpt":{"rendered":"<p>Dnes se 4 \u010dlenov\u00e9 redakce \u0161koln\u00edho \u010dasopisu vydali do Brna, kde se na Fakult\u011b soci\u00e1ln\u00edch studi\u00ed Masarykovy univerzity v r\u00e1mci Multimedi\u00e1ln\u00edho dne konalo vyhl\u00e1\u0161en\u00ed republikov\u00e9ho fin\u00e1le sout\u011b\u017ee \u0160koln\u00ed \u010dasopis roku 2017. Pro v\u0161echny byl p\u0159ipraven bohat\u00fd program i ob\u010derstven\u00ed. N\u00e1\u0161 \u010dasopis Labyrint sout\u011b\u017eil v kategorii 2. stupe\u0148 se dv\u011bma \u010dasopisy &#8211; ti\u0161t\u011bn\u00fdm a webov\u00fdm. Webov\u00fd [&hellip;]<\/p>\n","protected":false},"author":1,"featured_media":0,"comment_status":"closed","ping_status":"closed","sticky":false,"template":"","format":"standard","meta":{"ngg_post_thumbnail":0,"footnotes":""},"categories":[1],"tags":[],"class_list":["post-60775","post","type-post","status-publish","format-standard","hentry","category-aktuality"],"_links":{"self":[{"href":"https:\/\/www.zsben.cz\/wordpress\/index.php?rest_route=\/wp\/v2\/posts\/60775","targetHints":{"allow":["GET"]}}],"collection":[{"href":"https:\/\/www.zsben.cz\/wordpress\/index.php?rest_route=\/wp\/v2\/posts"}],"about":[{"href":"https:\/\/www.zsben.cz\/wordpress\/index.php?rest_route=\/wp\/v2\/types\/post"}],"author":[{"embeddable":true,"href":"https:\/\/www.zsben.cz\/wordpress\/index.php?rest_route=\/wp\/v2\/users\/1"}],"replies":[{"embeddable":true,"href":"https:\/\/www.zsben.cz\/wordpress\/index.php?rest_route=%2Fwp%2Fv2%2Fcomments&post=60775"}],"version-history":[{"count":3,"href":"https:\/\/www.zsben.cz\/wordpress\/index.php?rest_route=\/wp\/v2\/posts\/60775\/revisions"}],"predecessor-version":[{"id":60810,"href":"https:\/\/www.zsben.cz\/wordpress\/index.php?rest_route=\/wp\/v2\/posts\/60775\/revisions\/60810"}],"wp:attachment":[{"href":"https:\/\/www.zsben.cz\/wordpress\/index.php?rest_route=%2Fwp%2Fv2%2Fmedia&parent=60775"}],"wp:term":[{"taxonomy":"category","embeddable":true,"href":"https:\/\/www.zsben.cz\/wordpress\/index.php?rest_route=%2Fwp%2Fv2%2Fcategories&post=60775"},{"taxonomy":"post_tag","embeddable":true,"href":"https:\/\/www.zsben.cz\/wordpress\/index.php?rest_route=%2Fwp%2Fv2%2Ftags&post=60775"}],"curies":[{"name":"wp","href":"https:\/\/api.w.org\/{rel}","templated":true}]}}