{"id":6000,"date":"2014-04-28T21:26:30","date_gmt":"2014-04-28T20:26:30","guid":{"rendered":"http:\/\/www.zsben.cz\/wordpress\/?p=6000"},"modified":"2014-04-28T21:26:30","modified_gmt":"2014-04-28T20:26:30","slug":"den-zeme-3-a-5-rocniky","status":"publish","type":"post","link":"https:\/\/www.zsben.cz\/wordpress\/?p=6000","title":{"rendered":"Den Zem\u011b &#8211; 3. a 5 ro\u010dn\u00edky"},"content":{"rendered":"<p>Dne 22. 4. jsme se z\u00fa\u010dastnili akce &#8220;Den Zem\u011b&#8221; ve spolupr\u00e1ci s\u00a0VO\u0160 a SZe\u0160 Bene\u0161ov.<\/p>\n<p>Pro d\u011bti byly p\u0159ipraveny zaj\u00edmav\u00e9 aktivity na n\u011bkolika stanovi\u0161t\u00edch. Nap\u0159. aran\u017eov\u00e1n\u00ed kv\u011btinov\u00fdch vazeb, p\u00e9\u010de o dom\u00e1c\u00ed mazl\u00ed\u010dky, t\u0159\u00edd\u011bn\u00ed odpadu v anglick\u00e9m jazyce a dal\u0161\u00ed. D\u011bkujeme koleg\u016fm ze zm\u00edn\u011bn\u00e9 \u0161koly za pozv\u00e1n\u00ed a p\u011bkn\u00fd den.<\/p>\n<p style=\"text-align: center\">ngg_shortcode_0_placeholder<\/p>\n<p style=\"text-align: left\">text: Mgr. Ilona Kub\u00e1tov\u00e1<\/p>\n<p style=\"text-align: left\">foto: vyu\u010duj\u00edc\u00ed 3. a 5. ro\u010dn\u00edk\u016f<\/p>\n<div class=\"fcbkbttn_buttons_block\" id=\"fcbkbttn_left\"><div class=\"fcbkbttn_like \"><div class=\"fb-like fb-like-button_count\" data-href=\"https:\/\/www.zsben.cz\/wordpress\/?p=6000\" data-colorscheme=\"light\" data-layout=\"button_count\" data-action=\"like\"  data-size=\"small\"><\/div><\/div><div class=\"fb-share-button  \" data-href=\"https:\/\/www.zsben.cz\/wordpress\/?p=6000\" data-type=\"button_count\" data-size=\"small\"><\/div><\/div>","protected":false},"excerpt":{"rendered":"<p>Dne 22. 4. jsme se z\u00fa\u010dastnili akce &#8220;Den Zem\u011b&#8221; ve spolupr\u00e1ci s\u00a0VO\u0160 a SZe\u0160 Bene\u0161ov. Pro d\u011bti byly p\u0159ipraveny zaj\u00edmav\u00e9 aktivity na n\u011bkolika stanovi\u0161t\u00edch. Nap\u0159. aran\u017eov\u00e1n\u00ed kv\u011btinov\u00fdch vazeb, p\u00e9\u010de o dom\u00e1c\u00ed mazl\u00ed\u010dky, t\u0159\u00edd\u011bn\u00ed odpadu v anglick\u00e9m jazyce a dal\u0161\u00ed. D\u011bkujeme koleg\u016fm ze zm\u00edn\u011bn\u00e9 \u0161koly za pozv\u00e1n\u00ed a p\u011bkn\u00fd den. text: Mgr. Ilona Kub\u00e1tov\u00e1 foto: vyu\u010duj\u00edc\u00ed [&hellip;]<\/p>\n","protected":false},"author":15,"featured_media":0,"comment_status":"closed","ping_status":"closed","sticky":false,"template":"","format":"standard","meta":{"ngg_post_thumbnail":0,"footnotes":""},"categories":[1],"tags":[],"class_list":["post-6000","post","type-post","status-publish","format-standard","hentry","category-aktuality"],"_links":{"self":[{"href":"https:\/\/www.zsben.cz\/wordpress\/index.php?rest_route=\/wp\/v2\/posts\/6000","targetHints":{"allow":["GET"]}}],"collection":[{"href":"https:\/\/www.zsben.cz\/wordpress\/index.php?rest_route=\/wp\/v2\/posts"}],"about":[{"href":"https:\/\/www.zsben.cz\/wordpress\/index.php?rest_route=\/wp\/v2\/types\/post"}],"author":[{"embeddable":true,"href":"https:\/\/www.zsben.cz\/wordpress\/index.php?rest_route=\/wp\/v2\/users\/15"}],"replies":[{"embeddable":true,"href":"https:\/\/www.zsben.cz\/wordpress\/index.php?rest_route=%2Fwp%2Fv2%2Fcomments&post=6000"}],"version-history":[{"count":2,"href":"https:\/\/www.zsben.cz\/wordpress\/index.php?rest_route=\/wp\/v2\/posts\/6000\/revisions"}],"predecessor-version":[{"id":6002,"href":"https:\/\/www.zsben.cz\/wordpress\/index.php?rest_route=\/wp\/v2\/posts\/6000\/revisions\/6002"}],"wp:attachment":[{"href":"https:\/\/www.zsben.cz\/wordpress\/index.php?rest_route=%2Fwp%2Fv2%2Fmedia&parent=6000"}],"wp:term":[{"taxonomy":"category","embeddable":true,"href":"https:\/\/www.zsben.cz\/wordpress\/index.php?rest_route=%2Fwp%2Fv2%2Fcategories&post=6000"},{"taxonomy":"post_tag","embeddable":true,"href":"https:\/\/www.zsben.cz\/wordpress\/index.php?rest_route=%2Fwp%2Fv2%2Ftags&post=6000"}],"curies":[{"name":"wp","href":"https:\/\/api.w.org\/{rel}","templated":true}]}}