{"id":5966,"date":"2014-04-11T14:05:32","date_gmt":"2014-04-11T13:05:32","guid":{"rendered":"http:\/\/www.zsben.cz\/wordpress\/?p=5966"},"modified":"2014-04-11T14:05:32","modified_gmt":"2014-04-11T13:05:32","slug":"noc-s-andersenem-v-1-b","status":"publish","type":"post","link":"https:\/\/www.zsben.cz\/wordpress\/?p=5966","title":{"rendered":"Noc s Andersenem v 1. B"},"content":{"rendered":"<p>Stalo se ji\u017e tradic\u00ed, \u017ee na\u0161e \u0161kola se ka\u017edoro\u010dn\u011b p\u0159ipojuje k\u00a0celosv\u011btov\u00e9 akci Noc s\u00a0Andersenem.<\/p>\n<p>Leto\u0161n\u00ed liter\u00e1rn\u00ed projekt jsme my, prv\u0148\u00e1\u010dci, tentokr\u00e1t zasv\u011btili spisovateli Ond\u0159eji Sekorovi a p\u0159ipadl na p\u00e1tek 4. 4. 2014. Z\u00fa\u010dastnili jsme se ho i my, \u017e\u00e1ci 1.B Z\u00e1kladn\u00ed \u0161koly Bene\u0161ov, Dukelsk\u00e1 1818.<\/p>\n<p>P\u0159\u00edjemn\u00e9 dopoledne jsme str\u00e1vili \u010dten\u00edm p\u0159\u00edb\u011bhu o Ferdovi Mravencovi a nad prohl\u00ed\u017een\u00edm dal\u0161\u00edch kr\u00e1sn\u00fdch kn\u00ed\u017eek od tohoto zn\u00e1m\u00e9ho spisovatele. Vyrobili jsme si vlastnoru\u010dn\u011b i Ferd\u016fv punt\u00edkovan\u00fd \u010derno\u010derven\u00fd \u0161\u00e1tek a dopoledn\u00ed program jsme zakon\u010dili v\u00a0na\u0161em IKC, kde jsme si prov\u011b\u0159ili znalosti o poh\u00e1dkov\u00fdch postav\u00e1ch.<\/p>\n<p>S\u00a0nap\u011bt\u00edm jsme o\u010dek\u00e1vali p\u0159\u00edchod ve\u010dern\u00edho programu, u\u017e proto, \u017ee to bylo poprv\u00e9, kdy jsme vkro\u010dili do \u0161koln\u00edch chodeb za tmy a p\u0159enocovali. P\u0159evle\u010den\u00ed za Ferdy Mravence jsme s\u00a0nad\u0161en\u00edm plnili v\u0161echny nachystan\u00e9 \u00fakoly. Pro\u0161li jsme s\u00a0\u00fasp\u011bchem Ferdovu poh\u00e1dkovou cestu, vyrobili jsme si masky a zahr\u00e1li divadlo.<\/p>\n<p>Potom u\u017e hur\u00e1 do pel\u00ed\u0161k\u016f a po p\u011bkn\u00e9 poh\u00e1dce si pop\u0159\u00e1li dobrou noc. Bylo to skv\u011bl\u00e9! T\u011b\u0161\u00edme se na p\u0159\u00ed\u0161t\u00ed rok.<\/p>\n<p style=\"text-align: right;\">\u00a0\u00a0\u00a0\u00a0\u00a0\u00a0\u00a0\u00a0\u00a0\u00a0\u00a0\u00a0\u00a0\u00a0\u00a0\u00a0\u00a0\u00a0\u00a0\u00a0\u00a0\u00a0\u00a0\u00a0\u00a0\u00a0\u00a0\u00a0\u00a0\u00a0\u00a0\u00a0\u00a0\u00a0\u00a0\u00a0\u00a0\u00a0\u00a0\u00a0\u00a0\u00a0\u00a0\u00a0\u00a0\u00a0\u00a0\u00a0\u00a0\u00a0\u00a0\u00a0\u00a0\u00a0\u00a0\u00a0\u00a0\u00a0\u00a0\u00a0\u00a0\u00a0\u00a0\u00a0\u00a0\u00a0\u00a0\u00a0\u00a0\u00a0\u00a0\u00a0 \u00a0\u00a0\u00a0\u00a0\u00a0\u00a0\u00a0\u00a0\u00a0\u00a0\u00a0\u00a0\u00a0\u00a0\u00a0\u00a0\u00a0\u017e\u00e1ci 1. B, p\u00ed. u\u010d. J. Janda\u010dov\u00e1 a p\u00ed. vych V. Ju\u0159\u00ed\u010dkov\u00e1<\/p>\n<p>&nbsp;<\/p>\n<p style=\"text-align: center;\">ngg_shortcode_0_placeholder<\/p>\n<div class=\"fcbkbttn_buttons_block\" id=\"fcbkbttn_left\"><div class=\"fcbkbttn_like \"><div class=\"fb-like fb-like-button_count\" data-href=\"https:\/\/www.zsben.cz\/wordpress\/?p=5966\" data-colorscheme=\"light\" data-layout=\"button_count\" data-action=\"like\"  data-size=\"small\"><\/div><\/div><div class=\"fb-share-button  \" data-href=\"https:\/\/www.zsben.cz\/wordpress\/?p=5966\" data-type=\"button_count\" data-size=\"small\"><\/div><\/div>","protected":false},"excerpt":{"rendered":"<p>Stalo se ji\u017e tradic\u00ed, \u017ee na\u0161e \u0161kola se ka\u017edoro\u010dn\u011b p\u0159ipojuje k\u00a0celosv\u011btov\u00e9 akci Noc s\u00a0Andersenem. Leto\u0161n\u00ed liter\u00e1rn\u00ed projekt jsme my, prv\u0148\u00e1\u010dci, tentokr\u00e1t zasv\u011btili spisovateli Ond\u0159eji Sekorovi a p\u0159ipadl na p\u00e1tek 4. 4. 2014. Z\u00fa\u010dastnili jsme se ho i my, \u017e\u00e1ci 1.B Z\u00e1kladn\u00ed \u0161koly Bene\u0161ov, Dukelsk\u00e1 1818. P\u0159\u00edjemn\u00e9 dopoledne jsme str\u00e1vili \u010dten\u00edm p\u0159\u00edb\u011bhu o Ferdovi Mravencovi a [&hellip;]<\/p>\n","protected":false},"author":1,"featured_media":0,"comment_status":"closed","ping_status":"closed","sticky":false,"template":"","format":"standard","meta":{"ngg_post_thumbnail":0,"footnotes":""},"categories":[1],"tags":[],"class_list":["post-5966","post","type-post","status-publish","format-standard","hentry","category-aktuality"],"_links":{"self":[{"href":"https:\/\/www.zsben.cz\/wordpress\/index.php?rest_route=\/wp\/v2\/posts\/5966","targetHints":{"allow":["GET"]}}],"collection":[{"href":"https:\/\/www.zsben.cz\/wordpress\/index.php?rest_route=\/wp\/v2\/posts"}],"about":[{"href":"https:\/\/www.zsben.cz\/wordpress\/index.php?rest_route=\/wp\/v2\/types\/post"}],"author":[{"embeddable":true,"href":"https:\/\/www.zsben.cz\/wordpress\/index.php?rest_route=\/wp\/v2\/users\/1"}],"replies":[{"embeddable":true,"href":"https:\/\/www.zsben.cz\/wordpress\/index.php?rest_route=%2Fwp%2Fv2%2Fcomments&post=5966"}],"version-history":[{"count":1,"href":"https:\/\/www.zsben.cz\/wordpress\/index.php?rest_route=\/wp\/v2\/posts\/5966\/revisions"}],"predecessor-version":[{"id":5967,"href":"https:\/\/www.zsben.cz\/wordpress\/index.php?rest_route=\/wp\/v2\/posts\/5966\/revisions\/5967"}],"wp:attachment":[{"href":"https:\/\/www.zsben.cz\/wordpress\/index.php?rest_route=%2Fwp%2Fv2%2Fmedia&parent=5966"}],"wp:term":[{"taxonomy":"category","embeddable":true,"href":"https:\/\/www.zsben.cz\/wordpress\/index.php?rest_route=%2Fwp%2Fv2%2Fcategories&post=5966"},{"taxonomy":"post_tag","embeddable":true,"href":"https:\/\/www.zsben.cz\/wordpress\/index.php?rest_route=%2Fwp%2Fv2%2Ftags&post=5966"}],"curies":[{"name":"wp","href":"https:\/\/api.w.org\/{rel}","templated":true}]}}