{"id":5963,"date":"2014-04-11T09:29:52","date_gmt":"2014-04-11T08:29:52","guid":{"rendered":"http:\/\/www.zsben.cz\/wordpress\/?p=5963"},"modified":"2014-04-11T09:29:52","modified_gmt":"2014-04-11T08:29:52","slug":"volejbalove-turnaje","status":"publish","type":"post","link":"https:\/\/www.zsben.cz\/wordpress\/?p=5963","title":{"rendered":"Volejbalov\u00e9 turnaje"},"content":{"rendered":"<p>Ve dnech 8. a 10.4. 2014 prob\u011bhly okresn\u00ed p\u0159ebory ve volejbale, kategorie chlapc\u016f \u00a0se odehr\u00e1la na na\u0161\u00ed \u0161kole a kategorie d\u00edvek na Z\u0160 Vla\u0161im Vorlina.<\/p>\n<p><strong>Dru\u017estvo chlapc\u016f<\/strong>, v konkurenci 4 t\u00fdm\u016f, obsadilo <strong>2. m\u00edsto<\/strong>. Slo\u017een\u00ed dru\u017estva: Smutn\u00fd Luk\u00e1\u0161, Eli\u00e1\u0161 Dominik, Bare\u0161 Mat\u011bj, Khamulyak Pavlo, Bo\u0165a Josef, Jirk\u016f Ale\u0161, Pap\u00edrn\u00edk Dominik a Proch\u00e1zka Radek.<\/p>\n<p><strong>Dru\u017estvo d\u00edvek<\/strong>, v konkurenci 6 t\u00fdm\u016f, cel\u00fd turnaj vyhr\u00e1lo a z\u00edskalo <strong>1. m\u00edsto<\/strong>. Slo\u017een\u00ed dru\u017estva: Fejtkov\u00e1 Blanka, Skalick\u00e1 Tereza, Rendov\u00e1 Lucie, Malknechtov\u00e1 Eli\u0161ka, Mina\u0159\u00edkov\u00e1 Tereza, \u017d\u00ed\u017ealov\u00e1 Barbora, Dastychov\u00e1 Martina a \u0160itlerov\u00e1 Valent\u00fdna.<\/p>\n<p>V\u0161em gratulujeme a d\u011bkujeme za skv\u011blou reprezentaci \u0161koly.<\/p>\n<div class=\"fcbkbttn_buttons_block\" id=\"fcbkbttn_left\"><div class=\"fcbkbttn_like \"><div class=\"fb-like fb-like-button_count\" data-href=\"https:\/\/www.zsben.cz\/wordpress\/?p=5963\" data-colorscheme=\"light\" data-layout=\"button_count\" data-action=\"like\"  data-size=\"small\"><\/div><\/div><div class=\"fb-share-button  \" data-href=\"https:\/\/www.zsben.cz\/wordpress\/?p=5963\" data-type=\"button_count\" data-size=\"small\"><\/div><\/div>","protected":false},"excerpt":{"rendered":"<p>Ve dnech 8. a 10.4. 2014 prob\u011bhly okresn\u00ed p\u0159ebory ve volejbale, kategorie chlapc\u016f \u00a0se odehr\u00e1la na na\u0161\u00ed \u0161kole a kategorie d\u00edvek na Z\u0160 Vla\u0161im Vorlina. Dru\u017estvo chlapc\u016f, v konkurenci 4 t\u00fdm\u016f, obsadilo 2. m\u00edsto. Slo\u017een\u00ed dru\u017estva: Smutn\u00fd Luk\u00e1\u0161, Eli\u00e1\u0161 Dominik, Bare\u0161 Mat\u011bj, Khamulyak Pavlo, Bo\u0165a Josef, Jirk\u016f Ale\u0161, Pap\u00edrn\u00edk Dominik a Proch\u00e1zka Radek. Dru\u017estvo d\u00edvek, [&hellip;]<\/p>\n","protected":false},"author":4,"featured_media":0,"comment_status":"closed","ping_status":"closed","sticky":false,"template":"","format":"standard","meta":{"ngg_post_thumbnail":0,"footnotes":""},"categories":[1,10],"tags":[],"class_list":["post-5963","post","type-post","status-publish","format-standard","hentry","category-aktuality","category-telocvik"],"_links":{"self":[{"href":"https:\/\/www.zsben.cz\/wordpress\/index.php?rest_route=\/wp\/v2\/posts\/5963","targetHints":{"allow":["GET"]}}],"collection":[{"href":"https:\/\/www.zsben.cz\/wordpress\/index.php?rest_route=\/wp\/v2\/posts"}],"about":[{"href":"https:\/\/www.zsben.cz\/wordpress\/index.php?rest_route=\/wp\/v2\/types\/post"}],"author":[{"embeddable":true,"href":"https:\/\/www.zsben.cz\/wordpress\/index.php?rest_route=\/wp\/v2\/users\/4"}],"replies":[{"embeddable":true,"href":"https:\/\/www.zsben.cz\/wordpress\/index.php?rest_route=%2Fwp%2Fv2%2Fcomments&post=5963"}],"version-history":[{"count":2,"href":"https:\/\/www.zsben.cz\/wordpress\/index.php?rest_route=\/wp\/v2\/posts\/5963\/revisions"}],"predecessor-version":[{"id":5965,"href":"https:\/\/www.zsben.cz\/wordpress\/index.php?rest_route=\/wp\/v2\/posts\/5963\/revisions\/5965"}],"wp:attachment":[{"href":"https:\/\/www.zsben.cz\/wordpress\/index.php?rest_route=%2Fwp%2Fv2%2Fmedia&parent=5963"}],"wp:term":[{"taxonomy":"category","embeddable":true,"href":"https:\/\/www.zsben.cz\/wordpress\/index.php?rest_route=%2Fwp%2Fv2%2Fcategories&post=5963"},{"taxonomy":"post_tag","embeddable":true,"href":"https:\/\/www.zsben.cz\/wordpress\/index.php?rest_route=%2Fwp%2Fv2%2Ftags&post=5963"}],"curies":[{"name":"wp","href":"https:\/\/api.w.org\/{rel}","templated":true}]}}