{"id":5927,"date":"2014-04-07T21:01:28","date_gmt":"2014-04-07T20:01:28","guid":{"rendered":"http:\/\/www.zsben.cz\/wordpress\/?p=5927"},"modified":"2014-04-07T21:01:28","modified_gmt":"2014-04-07T20:01:28","slug":"program-ekocentra-pro-tretaky","status":"publish","type":"post","link":"https:\/\/www.zsben.cz\/wordpress\/?p=5927","title":{"rendered":"Program Ekocentra pro t\u0159e\u0165\u00e1ky"},"content":{"rendered":"<p>Dne 3.4.2014 nav\u0161t\u00edvilo t\u0159e\u0165\u00e1ky Ekocentrum Votice s v\u00fdukov\u00fdm programem &#8220;<strong>Kamar\u00e1di ve sv\u011bt\u011b<\/strong>&#8220;.<\/p>\n<p>D\u011bti procestovaly v\u0161echny kontinenty, dozv\u011bd\u011bly se o dal\u0161\u00edch n\u00e1rodnostech, st\u00e1tech, zvyc\u00edch, pozdravech, vlajk\u00e1ch a cestu zakon\u010dily zp\u011bt v \u010cesk\u00e9 republice. Vyzkou\u0161ely si mnoho \u010dinnost\u00ed nap\u0159. puzzle, k\u0159\u00ed\u017eovky, pr\u00e1ci s mapou, atd. Bylo to moc p\u011bkn\u00e9. T\u011b\u0161\u00edme se na dal\u0161\u00ed setk\u00e1n\u00ed.<\/p>\n<p style=\"text-align: center\">ngg_shortcode_0_placeholder<\/p>\n<p style=\"text-align: left\">Text: Mgr. Ilona Kub\u00e1tov\u00e1<\/p>\n<p style=\"text-align: left\">Foto: vyu\u010duj\u00edc\u00ed 3. t\u0159\u00edd<\/p>\n<div class=\"fcbkbttn_buttons_block\" id=\"fcbkbttn_left\"><div class=\"fcbkbttn_like \"><div class=\"fb-like fb-like-button_count\" data-href=\"https:\/\/www.zsben.cz\/wordpress\/?p=5927\" data-colorscheme=\"light\" data-layout=\"button_count\" data-action=\"like\"  data-size=\"small\"><\/div><\/div><div class=\"fb-share-button  \" data-href=\"https:\/\/www.zsben.cz\/wordpress\/?p=5927\" data-type=\"button_count\" data-size=\"small\"><\/div><\/div>","protected":false},"excerpt":{"rendered":"<p>Dne 3.4.2014 nav\u0161t\u00edvilo t\u0159e\u0165\u00e1ky Ekocentrum Votice s v\u00fdukov\u00fdm programem &#8220;Kamar\u00e1di ve sv\u011bt\u011b&#8220;. D\u011bti procestovaly v\u0161echny kontinenty, dozv\u011bd\u011bly se o dal\u0161\u00edch n\u00e1rodnostech, st\u00e1tech, zvyc\u00edch, pozdravech, vlajk\u00e1ch a cestu zakon\u010dily zp\u011bt v \u010cesk\u00e9 republice. Vyzkou\u0161ely si mnoho \u010dinnost\u00ed nap\u0159. puzzle, k\u0159\u00ed\u017eovky, pr\u00e1ci s mapou, atd. Bylo to moc p\u011bkn\u00e9. T\u011b\u0161\u00edme se na dal\u0161\u00ed setk\u00e1n\u00ed. Text: Mgr. Ilona [&hellip;]<\/p>\n","protected":false},"author":15,"featured_media":0,"comment_status":"closed","ping_status":"closed","sticky":false,"template":"","format":"standard","meta":{"ngg_post_thumbnail":0,"footnotes":""},"categories":[1],"tags":[],"class_list":["post-5927","post","type-post","status-publish","format-standard","hentry","category-aktuality"],"_links":{"self":[{"href":"https:\/\/www.zsben.cz\/wordpress\/index.php?rest_route=\/wp\/v2\/posts\/5927","targetHints":{"allow":["GET"]}}],"collection":[{"href":"https:\/\/www.zsben.cz\/wordpress\/index.php?rest_route=\/wp\/v2\/posts"}],"about":[{"href":"https:\/\/www.zsben.cz\/wordpress\/index.php?rest_route=\/wp\/v2\/types\/post"}],"author":[{"embeddable":true,"href":"https:\/\/www.zsben.cz\/wordpress\/index.php?rest_route=\/wp\/v2\/users\/15"}],"replies":[{"embeddable":true,"href":"https:\/\/www.zsben.cz\/wordpress\/index.php?rest_route=%2Fwp%2Fv2%2Fcomments&post=5927"}],"version-history":[{"count":4,"href":"https:\/\/www.zsben.cz\/wordpress\/index.php?rest_route=\/wp\/v2\/posts\/5927\/revisions"}],"predecessor-version":[{"id":5944,"href":"https:\/\/www.zsben.cz\/wordpress\/index.php?rest_route=\/wp\/v2\/posts\/5927\/revisions\/5944"}],"wp:attachment":[{"href":"https:\/\/www.zsben.cz\/wordpress\/index.php?rest_route=%2Fwp%2Fv2%2Fmedia&parent=5927"}],"wp:term":[{"taxonomy":"category","embeddable":true,"href":"https:\/\/www.zsben.cz\/wordpress\/index.php?rest_route=%2Fwp%2Fv2%2Fcategories&post=5927"},{"taxonomy":"post_tag","embeddable":true,"href":"https:\/\/www.zsben.cz\/wordpress\/index.php?rest_route=%2Fwp%2Fv2%2Ftags&post=5927"}],"curies":[{"name":"wp","href":"https:\/\/api.w.org\/{rel}","templated":true}]}}