{"id":59174,"date":"2017-09-24T18:16:58","date_gmt":"2017-09-24T16:16:58","guid":{"rendered":"https:\/\/www.zsben.cz\/wordpress\/?p=59174"},"modified":"2017-09-24T18:16:58","modified_gmt":"2017-09-24T16:16:58","slug":"adaptacni-kurz-v-1-c-2","status":"publish","type":"post","link":"https:\/\/www.zsben.cz\/wordpress\/?p=59174","title":{"rendered":"Adapta\u010dn\u00ed kurz v 1.C"},"content":{"rendered":"<p>Oba dva dny adapta\u010dn\u00edho kurzu prob\u00edhaly ve znamen\u00ed poh\u00e1dky \u201cO M\u00e1\u0161ence a t\u0159ech medv\u011bdech\u201c. Po p\u0159ehl\u00eddce medv\u011bd\u00edch a jin\u00fdch ply\u0161\u00e1\u010dk\u016f jsme si spole\u010dn\u011b s nimi zacvi\u010dili a ve skupink\u00e1ch pak d\u011bti p\u0159i skl\u00e1d\u00e1n\u00ed puzzle tr\u00e9novaly spolupr\u00e1ci.<\/p>\n<p>Poh\u00e1dku jsme si p\u0159ipomn\u011bli poslechem a n\u00e1sledn\u00fdm spole\u010dn\u00fdm p\u0159evypr\u00e1v\u011bn\u00edm. Pot\u00e9 se d\u011bti sna\u017eily zachytit nejd\u016fle\u017eit\u011bj\u0161\u00ed okam\u017eiky z poh\u00e1dky kresbou tu\u0161\u00ed. Po\u010das\u00ed bylo p\u011bkn\u00e9 a tak jsme po sva\u010dince vyrazili za\u0159\u00e1dit si na \u010derstv\u00e9m vzduchu. Zahr\u00e1li jsme si spole\u010dn\u011b n\u011bkolik her a ve skupink\u00e1ch jsme p\u0159ekon\u00e1vali, podobn\u011b jako M\u00e1\u0161enka v lese, p\u0159ek\u00e1\u017ekovou dr\u00e1hu z ku\u017eel\u016f a obru\u010d\u00ed. Po ob\u011bd\u011b jsme dokon\u010dovali kresbu z dopoledne a pokou\u0161eli se spole\u010dn\u00fdmi silami postavit co nejvy\u0161\u0161\u00ed v\u011b\u017e.<\/p>\n<p>Druh\u00fd den&nbsp; si d\u011bti vyrobily kr\u00e1sn\u00fd r\u00e1me\u010dek na svou p\u0159inesenou fotku. Ty jsme si ve t\u0159\u00edd\u011b vyv\u011bsili, abychom si, kdyby bylo pot\u0159eba, mohli p\u0159ipomenout, jak se kter\u00fd kamar\u00e1d jmenuje. Na ob\u011bd jsme vyrazili o n\u011bco d\u0159\u00edve, proto\u017ee n\u00e1s \u010dekala vych\u00e1zka na h\u0159i\u0161t\u011b u zimn\u00edho stadionu. Na h\u0159i\u0161ti jsme si vyzkou\u0161eli d\u016fv\u011bru v kamar\u00e1da, kdy\u017e jsme se zav\u00e1zan\u00fdma o\u010dima proch\u00e1zeli slalom a tak\u00e9 jsme si ve skupink\u00e1ch zasout\u011b\u017eili p\u0159i sb\u00edr\u00e1n\u00ed &#8220;dobr\u016ftek&#8221; pro medv\u011bda a h\u00e1zen\u00edm dobr\u016ftek do medv\u011bd\u00edch misek. Po n\u00e1vratu do \u0161koly jsme uplynul\u00fd adapta\u010dn\u00ed kurz spole\u010dn\u011b hodnotili a d\u011bti si na pam\u00e1tku odnesly diplomy a drobn\u00e9 odm\u011bny.<\/p>\n<p>Adapta\u010dn\u00ed kurz n\u00e1m p\u0159inesl mnoho d\u016fle\u017eit\u00fdch zku\u0161enost\u00ed a poznatk\u016f. Te\u010f u\u017e v\u00edme, jak d\u016fle\u017eit\u00e9 je si pom\u00e1hat. Dok\u00e1\u017eeme kamar\u00e1da o pomoc po\u017e\u00e1dat a pod\u011bkovat. M\u011bli jsme tak\u00e9 mo\u017enost l\u00e9pe se poznat a uv\u011bdomujeme si, \u017ee hezk\u00e9 chov\u00e1n\u00ed k sob\u011b navz\u00e1jem je pro to, aby n\u00e1m ve \u0161kole spolu bylo dob\u0159e moc d\u016fle\u017eit\u00e9.<\/p>\nngg_shortcode_0_placeholder\n<div class=\"fcbkbttn_buttons_block\" id=\"fcbkbttn_left\"><div class=\"fcbkbttn_like \"><div class=\"fb-like fb-like-button_count\" data-href=\"https:\/\/www.zsben.cz\/wordpress\/?p=59174\" data-colorscheme=\"light\" data-layout=\"button_count\" data-action=\"like\"  data-size=\"small\"><\/div><\/div><div class=\"fb-share-button  \" data-href=\"https:\/\/www.zsben.cz\/wordpress\/?p=59174\" data-type=\"button_count\" data-size=\"small\"><\/div><\/div>","protected":false},"excerpt":{"rendered":"<p>Oba dva dny adapta\u010dn\u00edho kurzu prob\u00edhaly ve znamen\u00ed poh\u00e1dky \u201cO M\u00e1\u0161ence a t\u0159ech medv\u011bdech\u201c. Po p\u0159ehl\u00eddce medv\u011bd\u00edch a jin\u00fdch ply\u0161\u00e1\u010dk\u016f jsme si spole\u010dn\u011b s nimi zacvi\u010dili a ve skupink\u00e1ch pak d\u011bti p\u0159i skl\u00e1d\u00e1n\u00ed puzzle tr\u00e9novaly spolupr\u00e1ci. Poh\u00e1dku jsme si p\u0159ipomn\u011bli poslechem a n\u00e1sledn\u00fdm spole\u010dn\u00fdm p\u0159evypr\u00e1v\u011bn\u00edm. Pot\u00e9 se d\u011bti sna\u017eily zachytit nejd\u016fle\u017eit\u011bj\u0161\u00ed okam\u017eiky z poh\u00e1dky kresbou [&hellip;]<\/p>\n","protected":false},"author":15,"featured_media":0,"comment_status":"closed","ping_status":"closed","sticky":false,"template":"","format":"standard","meta":{"ngg_post_thumbnail":0,"footnotes":""},"categories":[1],"tags":[],"class_list":["post-59174","post","type-post","status-publish","format-standard","hentry","category-aktuality"],"_links":{"self":[{"href":"https:\/\/www.zsben.cz\/wordpress\/index.php?rest_route=\/wp\/v2\/posts\/59174","targetHints":{"allow":["GET"]}}],"collection":[{"href":"https:\/\/www.zsben.cz\/wordpress\/index.php?rest_route=\/wp\/v2\/posts"}],"about":[{"href":"https:\/\/www.zsben.cz\/wordpress\/index.php?rest_route=\/wp\/v2\/types\/post"}],"author":[{"embeddable":true,"href":"https:\/\/www.zsben.cz\/wordpress\/index.php?rest_route=\/wp\/v2\/users\/15"}],"replies":[{"embeddable":true,"href":"https:\/\/www.zsben.cz\/wordpress\/index.php?rest_route=%2Fwp%2Fv2%2Fcomments&post=59174"}],"version-history":[{"count":3,"href":"https:\/\/www.zsben.cz\/wordpress\/index.php?rest_route=\/wp\/v2\/posts\/59174\/revisions"}],"predecessor-version":[{"id":59253,"href":"https:\/\/www.zsben.cz\/wordpress\/index.php?rest_route=\/wp\/v2\/posts\/59174\/revisions\/59253"}],"wp:attachment":[{"href":"https:\/\/www.zsben.cz\/wordpress\/index.php?rest_route=%2Fwp%2Fv2%2Fmedia&parent=59174"}],"wp:term":[{"taxonomy":"category","embeddable":true,"href":"https:\/\/www.zsben.cz\/wordpress\/index.php?rest_route=%2Fwp%2Fv2%2Fcategories&post=59174"},{"taxonomy":"post_tag","embeddable":true,"href":"https:\/\/www.zsben.cz\/wordpress\/index.php?rest_route=%2Fwp%2Fv2%2Ftags&post=59174"}],"curies":[{"name":"wp","href":"https:\/\/api.w.org\/{rel}","templated":true}]}}